{"id":122193,"date":"2020-02-16T13:46:21","date_gmt":"2020-02-16T12:46:21","guid":{"rendered":"https:\/\/zjarr.tv\/?p=122193"},"modified":"2020-02-16T13:46:21","modified_gmt":"2020-02-16T12:46:21","slug":"gent-cakaj-takohet-me-ministrin-e-jashtem-te-kroacise-presidenca-kroate-synon-hapjen-e-negociatave-me-shqiperine","status":"publish","type":"post","link":"https:\/\/zjarr.tv\/en\/gent-cakaj-takohet-me-ministrin-e-jashtem-te-kroacise-presidenca-kroate-synon-hapjen-e-negociatave-me-shqiperine\/","title":{"rendered":"Gent Cakaj takohet me ministrin e Jasht\u00ebm t\u00eb Kroacis\u00eb: Presidenca Kroate synon hapjen e negociatave me Shqip\u00ebrin\u00eb"},"content":{"rendered":"<p>N\u00eb Gjermani, Ministri n\u00eb Detyr\u00eb p\u00ebr Evrop\u00ebn dhe Pun\u00ebt e Jashtme, Gent Cakaj, ka takuar Ministrin e Jasht\u00ebm t\u00eb Kroacis\u00eb, Gordan Grli\u0107-Radman. Tema kryesore e diskutimit t\u00eb takimit ishte nisja e procesit t\u00eb bisedimeve p\u00ebr an\u00ebtar\u00ebsim n\u00eb Bashkimin Evropian p\u00ebr Shqip\u00ebrin\u00eb, gjat\u00eb Presidenc\u00ebs Kroate. Nd\u00ebrkoh\u00eb, Cakaj n\u00eb nj\u00eb postim n\u00eb Facebook sa i p\u00ebrket takimit, b\u00ebri me dije se gjat\u00eb mandatit t\u00eb saj, Presidenca Kroate po synon hapjen e negociatave me Shqip\u00ebrin\u00eb dhe Maqedonin\u00eb e Veriut.<\/p>\n<p><strong>Gent Cakaj:<\/strong><em>\u00a0Pajtuam se Shqip\u00ebria ka p\u00ebrmbushur t\u00eb gjitha kushtet p\u00ebr t\u00eb filluar procesin e bisedimeve p\u00ebr an\u00ebtar\u00ebsim dhe tani \u00ebsht\u00eb koha q\u00eb BE ta gjej\u00eb ujdin\u00eb e brendshme p\u00ebr t&#8217;i dh\u00ebn\u00eb shtys\u00eb t\u00eb re procesit t\u00eb zgjerimit n\u00eb p\u00ebrgjith\u00ebsi!\u201d<\/em>.<\/p>","protected":false},"excerpt":{"rendered":"<p>N\u00eb Gjermani, Ministri n\u00eb Detyr\u00eb p\u00ebr Evrop\u00ebn dhe Pun\u00ebt e Jashtme, Gent Cakaj, ka takuar Ministrin e Jasht\u00ebm t\u00eb Kroacis\u00eb, Gordan Grli\u0107-Radman. Tema kryesore e diskutimit t\u00eb takimit ishte nisja e procesit t\u00eb bisedimeve p\u00ebr an\u00ebtar\u00ebsim n\u00eb Bashkimin Evropian p\u00ebr Shqip\u00ebrin\u00eb, gjat\u00eb Presidenc\u00ebs Kroate. Nd\u00ebrkoh\u00eb, Cakaj n\u00eb nj\u00eb postim n\u00eb Facebook sa i p\u00ebrket takimit, [&hellip;]<\/p>\n","protected":false},"author":2013,"featured_media":122194,"comment_status":"open","ping_status":"closed","sticky":false,"template":"","format":"standard","meta":{"footnotes":""},"categories":[241,235],"tags":[],"class_list":{"0":"post-122193","1":"post","2":"type-post","3":"status-publish","4":"format-standard","5":"has-post-thumbnail","7":"category-aktualitet","8":"category-vendi"},"_links":{"self":[{"href":"https:\/\/zjarr.tv\/en\/wp-json\/wp\/v2\/posts\/122193","targetHints":{"allow":["GET"]}}],"collection":[{"href":"https:\/\/zjarr.tv\/en\/wp-json\/wp\/v2\/posts"}],"about":[{"href":"https:\/\/zjarr.tv\/en\/wp-json\/wp\/v2\/types\/post"}],"author":[{"embeddable":true,"href":"https:\/\/zjarr.tv\/en\/wp-json\/wp\/v2\/users\/2013"}],"replies":[{"embeddable":true,"href":"https:\/\/zjarr.tv\/en\/wp-json\/wp\/v2\/comments?post=122193"}],"version-history":[{"count":0,"href":"https:\/\/zjarr.tv\/en\/wp-json\/wp\/v2\/posts\/122193\/revisions"}],"wp:featuredmedia":[{"embeddable":true,"href":"https:\/\/zjarr.tv\/en\/wp-json\/wp\/v2\/media\/122194"}],"wp:attachment":[{"href":"https:\/\/zjarr.tv\/en\/wp-json\/wp\/v2\/media?parent=122193"}],"wp:term":[{"taxonomy":"category","embeddable":true,"href":"https:\/\/zjarr.tv\/en\/wp-json\/wp\/v2\/categories?post=122193"},{"taxonomy":"post_tag","embeddable":true,"href":"https:\/\/zjarr.tv\/en\/wp-json\/wp\/v2\/tags?post=122193"}],"curies":[{"name":"wp","href":"https:\/\/api.w.org\/{rel}","templated":true}]}}