{"id":122198,"date":"2020-02-16T15:21:10","date_gmt":"2020-02-16T14:21:10","guid":{"rendered":"https:\/\/zjarr.tv\/?p=122198"},"modified":"2020-02-16T15:21:10","modified_gmt":"2020-02-16T14:21:10","slug":"detaje-tronditese-nga-tragjedia-e-bulqizes-prane-trupave-u-gjet-nje-shishe-me-helm","status":"publish","type":"post","link":"https:\/\/zjarr.tv\/en\/detaje-tronditese-nga-tragjedia-e-bulqizes-prane-trupave-u-gjet-nje-shishe-me-helm\/","title":{"rendered":"Detaje trondit\u00ebse nga tragjedia e Bulqiz\u00ebs\/ Pran\u00eb trupave u gjet nj\u00eb shishe me helm"},"content":{"rendered":"<p>14 shkurti do t\u00eb shenjonte nj\u00eb tragjedi n\u00eb fshatin Ostren t\u00eb Madh t\u00eb Bulqiz\u00ebs, ku nj\u00eb n\u00ebn\u00eb dhe dy f\u00ebmij\u00ebt e saj do t\u00eb humbnin jet\u00ebn, e nd\u00ebrsa vajza tjet\u00ebr do t\u00eb d\u00ebrgohej n\u00eb gjendje t\u00eb r\u00ebnd\u00eb p\u00ebr ndihm\u00eb mjek\u00ebsore (aktualisht \u00ebsht\u00eb jasht\u00eb rrezikut p\u00ebr jet\u00ebn). Dy dit\u00eb pas ngjarjes nj\u00eb fjal\u00eb, ende nuk ka nj\u00eb deklarat\u00eb p\u00ebrfundimtare rreth vdekjes s\u00eb tre pjes\u00ebtar\u00eb t\u00eb familjes Tola, n\u00ebn\u00ebs 45-vje\u00e7are, Rajmonda dhe dy f\u00ebmij\u00ebve Rudina dhe Fatjoni, nd\u00ebrkoh\u00eb q\u00eb pista kryesore \u00ebsht\u00eb helmimi.<\/p>\n<p>Teksa mbetet p\u00ebr t\u2019u zbuluar n\u00ebse b\u00ebhet fjal\u00eb p\u00ebr helmim nga rrjedhja e gazit apo nga ushqimi\/di\u00e7ka tjet\u00ebr, TCH m\u00ebson detaje t\u00eb reja rreth ndarjes nga jeta t\u00eb viktimave.<\/p>\n<p>Burime konfidenciale t\u00eb policis\u00eb deklarojn\u00eb se n\u00eb momentin q\u00eb policia ka mb\u00ebrritur n\u00eb vendngjarje, p\u00ebrve\u00e7 ushqimeve \u00ebsht\u00eb gjetur nj\u00eb shishe me helm q\u00eb p\u00ebrdoret n\u00eb bujq\u00ebsi, kryesisht p\u00ebr mbrojtjen e patates, gjat\u00eb mbjelljes s\u00eb saj.<\/p>\n<p>Shishja me helm \u00ebsht\u00eb d\u00ebrguar p\u00ebr ekspertiz\u00eb.<\/p>\n<p>M\u00ebsohet se trupi i viktimave, sakt\u00ebsisht n\u00ebn\u00ebs, vajz\u00ebs dhe djalit jan\u00eb gjetur n\u00eb dysheme n\u00eb pozicione t\u00eb ndryshme nga nj\u00ebri-tjetri, me shkum\u00eb n\u00eb goj\u00eb q\u00eb t\u00eb jep p\u00ebrshtypjen e helmimit. Nd\u00ebrkoh\u00eb vajza q\u00eb ka shp\u00ebtuar \u00ebsht\u00eb gjetur n\u00eb nj\u00eb krevat ngjitur te muri, pa mundur t\u00eb komunikonte dot.<\/p>\n<p>M\u00ebsohet se ka qen\u00eb kunata ajo q\u00eb i ka gjetur rreth or\u00ebs 10 t\u00eb paradites , ku m\u00eb pas ka k\u00ebrkuar ndihm\u00eb.<\/p>\n<p>Mostra t\u00eb ushqimit, gjakur t\u00eb viktimave, dhe shishja n\u00eb fjal\u00eb jan\u00eb d\u00ebrguar p\u00ebr ekspertiz\u00eb n\u00eb Tiran\u00eb.<\/p>\n<p>Nj\u00eb burim tjet\u00ebr ka th\u00ebn\u00eb se ata kishin qen\u00eb te kunata p\u00ebr dark\u00eb deri n\u00eb or\u00ebn 22:00 dhe t\u00eb nes\u00ebrmen jan\u00eb gjetur t\u00eb pajet\u00eb.<\/p>","protected":false},"excerpt":{"rendered":"<p>14 shkurti do t\u00eb shenjonte nj\u00eb tragjedi n\u00eb fshatin Ostren t\u00eb Madh t\u00eb Bulqiz\u00ebs, ku nj\u00eb n\u00ebn\u00eb dhe dy f\u00ebmij\u00ebt e saj do t\u00eb humbnin jet\u00ebn, e nd\u00ebrsa vajza tjet\u00ebr do t\u00eb d\u00ebrgohej n\u00eb gjendje t\u00eb r\u00ebnd\u00eb p\u00ebr ndihm\u00eb mjek\u00ebsore (aktualisht \u00ebsht\u00eb jasht\u00eb rrezikut p\u00ebr jet\u00ebn). Dy dit\u00eb pas ngjarjes nj\u00eb fjal\u00eb, ende nuk ka [&hellip;]<\/p>\n","protected":false},"author":2013,"featured_media":58335,"comment_status":"open","ping_status":"closed","sticky":false,"template":"","format":"standard","meta":{"footnotes":""},"categories":[241,235],"tags":[],"class_list":{"0":"post-122198","1":"post","2":"type-post","3":"status-publish","4":"format-standard","5":"has-post-thumbnail","7":"category-aktualitet","8":"category-vendi"},"_links":{"self":[{"href":"https:\/\/zjarr.tv\/en\/wp-json\/wp\/v2\/posts\/122198","targetHints":{"allow":["GET"]}}],"collection":[{"href":"https:\/\/zjarr.tv\/en\/wp-json\/wp\/v2\/posts"}],"about":[{"href":"https:\/\/zjarr.tv\/en\/wp-json\/wp\/v2\/types\/post"}],"author":[{"embeddable":true,"href":"https:\/\/zjarr.tv\/en\/wp-json\/wp\/v2\/users\/2013"}],"replies":[{"embeddable":true,"href":"https:\/\/zjarr.tv\/en\/wp-json\/wp\/v2\/comments?post=122198"}],"version-history":[{"count":0,"href":"https:\/\/zjarr.tv\/en\/wp-json\/wp\/v2\/posts\/122198\/revisions"}],"wp:featuredmedia":[{"embeddable":true,"href":"https:\/\/zjarr.tv\/en\/wp-json\/wp\/v2\/media\/58335"}],"wp:attachment":[{"href":"https:\/\/zjarr.tv\/en\/wp-json\/wp\/v2\/media?parent=122198"}],"wp:term":[{"taxonomy":"category","embeddable":true,"href":"https:\/\/zjarr.tv\/en\/wp-json\/wp\/v2\/categories?post=122198"},{"taxonomy":"post_tag","embeddable":true,"href":"https:\/\/zjarr.tv\/en\/wp-json\/wp\/v2\/tags?post=122198"}],"curies":[{"name":"wp","href":"https:\/\/api.w.org\/{rel}","templated":true}]}}