{"id":122223,"date":"2020-02-17T11:01:57","date_gmt":"2020-02-17T10:01:57","guid":{"rendered":"https:\/\/zjarr.tv\/?p=122223"},"modified":"2020-02-17T11:01:57","modified_gmt":"2020-02-17T10:01:57","slug":"ministri-i-jashtem-i-italise-e-ardhmja-e-ballkanit-perendimor-eshte-ne-be","status":"publish","type":"post","link":"https:\/\/zjarr.tv\/en\/ministri-i-jashtem-i-italise-e-ardhmja-e-ballkanit-perendimor-eshte-ne-be\/","title":{"rendered":"Ministri i Jasht\u00ebm i Italis\u00eb: E ardhmja e Ballkanit Per\u00ebndimor \u00ebsht\u00eb n\u00eb BE"},"content":{"rendered":"<p>Ministri i Jasht\u00ebm i Italis\u00eb, Luigi di Maio, ka zhvilluar nj\u00eb m\u00ebngjes pune dit\u00ebn e sotme me ministrat e Jasht\u00ebm t\u00eb Bashkimit Evropian, \u00a0n\u00eb mb\u00ebshtetje t\u00eb \u00e7eljes s\u00eb negociatave t\u00eb Ballkanit Per\u00ebndimor me BE-n\u00eb.<\/p>\n<p>N\u00eb fjal\u00ebn e tij Di Maio tha se pas vizitave t\u00eb tij n\u00eb Ballkanin Per\u00ebndimor, e ardhmja e k\u00ebtij rajoni \u00ebsht\u00eb n\u00eb BE, por duket t\u00eb mbahet si gur themeli shteti i s\u00eb drejt\u00ebs.<\/p>\n<p>Ai shtoi se integrimi i Ballkanit Per\u00ebndimor \u00ebsht\u00eb nj\u00eb investim ky\u00e7 n\u00eb raport me forcimin \u00a0paqes dhe stabilitetit n\u00eb Evrop\u00eb.<\/p>\n<p>S\u00eb fundmi, Di Maio u shpreh se hapja e negociatave do t\u00eb sh\u00ebnoj\u00eb vet\u00ebm fillimin e rrug\u00ebtimit evropian.<\/p>\n<p><strong>Luigi di Maio<\/strong>:<em>\u00a0Mir\u00ebserdh\u00ebt n\u00eb k\u00ebt\u00eb takim formal dhe do t\u00eb doja t\u2019ju falenderoja t\u00eb gjith\u00ebve p\u00ebr pjes\u00ebmarrjen. Qysh prej K\u00ebshillit t\u00eb par\u00eb t\u00eb Jasht\u00ebm n\u00eb dhjetor, shtetet an\u00ebtare dhe Komisioni jan\u00eb angazhuar n\u00eb nj\u00eb p\u00ebrpjekje t\u00eb p\u00ebrbashk\u00ebt, p\u00ebr ta b\u00ebr\u00eb procesin e zgjerimit m\u00eb t\u00eb besuesh\u00ebm dhe p\u00ebr t\u00eb rivendosur besimin e nd\u00ebrsjell\u00ebt midis BE-s\u00eb dhe Ballkanit Per\u00ebndimor.<\/em><\/p>\n<p><em>Un\u00eb sapo b\u00ebra nj\u00eb vizit\u00eb jav\u00ebn e kaluar n\u00eb Shkup, Prishtin\u00eb dhe Beograd, pasi vizitova Shqip\u00ebrin\u00eb n\u00eb ver\u00eb. Ky diskutim na lejoi q\u00eb t\u00eb rinovonim konsensusin p\u00ebr parimet e t\u00eb ardhmes p\u00ebr zgjerimin, si dhe p\u00ebr t\u00eb konfirmuar se e ardhmja e Ballkanit Per\u00ebndimor \u00ebsht\u00eb n\u00eb BE. P\u00ebr t\u00eb arritur k\u00ebt\u00eb objektiv, shteti i s\u00eb drejt\u00ebs duhet t\u00eb mbetet gur themeli i procesit t\u00eb zgjerimit.<\/em><\/p>\n<p><em>Angazhimi yn\u00eb kolektiv konfirmon edhe nj\u00ebher\u00eb se ne t\u00eb gjith\u00eb jemi t\u00eb vet\u00ebdijsh\u00ebm se \u00e7far\u00eb \u00ebsht\u00eb n\u00eb loj\u00eb, p\u00ebrfshir\u00eb edhe besueshm\u00ebrin\u00eb e BE-s\u00eb si aktor global. Integrimi i Ballkanit Per\u00ebndimor mbetet investimi jon\u00eb ky\u00e7, gjeostrategjik e politik, p\u00ebr t\u00eb p\u00ebrforcuar paqen, pajtimin, stabilitetin dhe prosperitetin n\u00eb Evrop\u00eb.<\/em><\/p>\n<p><em>Lidhur me negociatat p\u00ebr zgjerim, hapja e k\u00ebtyre negociatave do t\u00eb sh\u00ebnjoj\u00eb vet\u00ebm filles\u00ebn e jo p\u00ebrfundimin e rrug\u00ebtimit evropian. Megjithat\u00eb nuk mund t\u00eb n\u00ebnvler\u00ebsojm\u00eb ndikimin potencial t\u00eb hezitimeve tona n\u00eb Ballkan, sidomos kur b\u00ebhet fjal\u00eb p\u00ebr q\u00ebndrimet reformatore n\u00eb rajon.\u00a0<\/em><\/p>","protected":false},"excerpt":{"rendered":"<p>Ministri i Jasht\u00ebm i Italis\u00eb, Luigi di Maio, ka zhvilluar nj\u00eb m\u00ebngjes pune dit\u00ebn e sotme me ministrat e Jasht\u00ebm t\u00eb Bashkimit Evropian, \u00a0n\u00eb mb\u00ebshtetje t\u00eb \u00e7eljes s\u00eb negociatave t\u00eb Ballkanit Per\u00ebndimor me BE-n\u00eb. N\u00eb fjal\u00ebn e tij Di Maio tha se pas vizitave t\u00eb tij n\u00eb Ballkanin Per\u00ebndimor, e ardhmja e k\u00ebtij rajoni \u00ebsht\u00eb [&hellip;]<\/p>\n","protected":false},"author":2013,"featured_media":122224,"comment_status":"open","ping_status":"closed","sticky":false,"template":"","format":"standard","meta":{"footnotes":""},"categories":[241,235],"tags":[],"class_list":{"0":"post-122223","1":"post","2":"type-post","3":"status-publish","4":"format-standard","5":"has-post-thumbnail","7":"category-aktualitet","8":"category-vendi"},"_links":{"self":[{"href":"https:\/\/zjarr.tv\/en\/wp-json\/wp\/v2\/posts\/122223","targetHints":{"allow":["GET"]}}],"collection":[{"href":"https:\/\/zjarr.tv\/en\/wp-json\/wp\/v2\/posts"}],"about":[{"href":"https:\/\/zjarr.tv\/en\/wp-json\/wp\/v2\/types\/post"}],"author":[{"embeddable":true,"href":"https:\/\/zjarr.tv\/en\/wp-json\/wp\/v2\/users\/2013"}],"replies":[{"embeddable":true,"href":"https:\/\/zjarr.tv\/en\/wp-json\/wp\/v2\/comments?post=122223"}],"version-history":[{"count":0,"href":"https:\/\/zjarr.tv\/en\/wp-json\/wp\/v2\/posts\/122223\/revisions"}],"wp:featuredmedia":[{"embeddable":true,"href":"https:\/\/zjarr.tv\/en\/wp-json\/wp\/v2\/media\/122224"}],"wp:attachment":[{"href":"https:\/\/zjarr.tv\/en\/wp-json\/wp\/v2\/media?parent=122223"}],"wp:term":[{"taxonomy":"category","embeddable":true,"href":"https:\/\/zjarr.tv\/en\/wp-json\/wp\/v2\/categories?post=122223"},{"taxonomy":"post_tag","embeddable":true,"href":"https:\/\/zjarr.tv\/en\/wp-json\/wp\/v2\/tags?post=122223"}],"curies":[{"name":"wp","href":"https:\/\/api.w.org\/{rel}","templated":true}]}}