{"id":122226,"date":"2020-02-17T11:03:16","date_gmt":"2020-02-17T10:03:16","guid":{"rendered":"https:\/\/zjarr.tv\/?p=122226"},"modified":"2020-02-17T11:03:16","modified_gmt":"2020-02-17T10:03:16","slug":"pavaresia-e-kosoves-mediu-ajo-eshte-prone-e-popullit-as-nuk-ndahet-e-as-vihet-ne-pazar","status":"publish","type":"post","link":"https:\/\/zjarr.tv\/en\/pavaresia-e-kosoves-mediu-ajo-eshte-prone-e-popullit-as-nuk-ndahet-e-as-vihet-ne-pazar\/","title":{"rendered":"Pavar\u00ebsia e Kosov\u00ebs, Mediu: Ajo \u00ebsht\u00eb pron\u00eb e popullit, as nuk ndahet e as vihet n\u00eb pazar"},"content":{"rendered":"<p>Kryetari i Partis\u00eb Republikane Fatmir Mediu ka uruar pavar\u00ebsin\u00eb e Kosov\u00ebs p\u00ebrmes nj\u00eb mesazhi.<\/p>\n<p>\u201cKOSOVA e pavarur k\u00ebrkon p\u00ebrkushtim dhe ndershm\u00ebri ajo nuk \u00ebsht\u00eb pron\u00eb e asnj\u00eb politikani apo partie politke ajo \u00ebsht\u00eb popullit t\u00eb Kosoves dhe as nuk ndahet e as vihet n\u00eb Pazar\u201d, shkruan kreu i republikan\u00ebve shqiptar\u00eb.<\/p>\n<p><strong>Ja mesazhi i plot\u00eb:<\/strong><\/p>\n<p>Gezuar Pavaresin\u00eb Kosov\u00eb<\/p>\n<p>Sot \u00ebsht\u00eb Dita kur perulemi me respekt para t\u00eb gjithe atyre q\u00eb dhan\u00eb jet\u00ebn p\u00ebr lirin\u00eb e Kosov\u00ebs n\u00eb menyre t\u00eb ve\u00e7ant\u00eb p\u00ebr Ibrahim Rugov\u00ebn, Adem Jasharin dhe familjen e tij, Adem Dema\u00e7in, Ukshin Hotin, Fehmi Aganin e mij\u00ebra t\u00eb tjer\u00eb.<\/p>\n<p>Nder dhe lavdi U\u00c7K dhe heronj\u00ebve t\u00eb saj.<\/p>\n<p>Sot \u00ebsht\u00eb Dita t\u00eb falenderojm\u00eb SHBA, Britanine e Madhe, Gjermanine, Italine, NATO-n, q\u00eb mb\u00ebshtet\u00ebn \u00e7lirimin e Kosov\u00ebs kund\u00ebr regjimit t\u00eb Miloshevi\u00e7it.<\/p>\n<p>KOSOVA e pavarur k\u00ebrkon p\u00ebrkushtim dhe ndershm\u00ebri ajo nuk \u00ebsht\u00eb pron\u00eb e asnj\u00eb politikani apo partie politke ajo \u00ebsht\u00eb popullit t\u00eb Kosoves dhe as nuk ndahet e as vihet n\u00eb pazar.<\/p>\n<p><img decoding=\"async\" src=\"https:\/\/www.syri.net\/uploads\/syri.net\/images\/2020\/February\/17\/auto_mediu_fcb1581928597.jpg\" alt=\"Image\" \/><\/p>","protected":false},"excerpt":{"rendered":"<p>Kryetari i Partis\u00eb Republikane Fatmir Mediu ka uruar pavar\u00ebsin\u00eb e Kosov\u00ebs p\u00ebrmes nj\u00eb mesazhi. \u201cKOSOVA e pavarur k\u00ebrkon p\u00ebrkushtim dhe ndershm\u00ebri ajo nuk \u00ebsht\u00eb pron\u00eb e asnj\u00eb politikani apo partie politke ajo \u00ebsht\u00eb popullit t\u00eb Kosoves dhe as nuk ndahet e as vihet n\u00eb Pazar\u201d, shkruan kreu i republikan\u00ebve shqiptar\u00eb. Ja mesazhi i plot\u00eb: Gezuar [&hellip;]<\/p>\n","protected":false},"author":2013,"featured_media":122227,"comment_status":"open","ping_status":"closed","sticky":false,"template":"","format":"standard","meta":{"footnotes":""},"categories":[241,235],"tags":[],"class_list":{"0":"post-122226","1":"post","2":"type-post","3":"status-publish","4":"format-standard","5":"has-post-thumbnail","7":"category-aktualitet","8":"category-vendi"},"_links":{"self":[{"href":"https:\/\/zjarr.tv\/en\/wp-json\/wp\/v2\/posts\/122226","targetHints":{"allow":["GET"]}}],"collection":[{"href":"https:\/\/zjarr.tv\/en\/wp-json\/wp\/v2\/posts"}],"about":[{"href":"https:\/\/zjarr.tv\/en\/wp-json\/wp\/v2\/types\/post"}],"author":[{"embeddable":true,"href":"https:\/\/zjarr.tv\/en\/wp-json\/wp\/v2\/users\/2013"}],"replies":[{"embeddable":true,"href":"https:\/\/zjarr.tv\/en\/wp-json\/wp\/v2\/comments?post=122226"}],"version-history":[{"count":0,"href":"https:\/\/zjarr.tv\/en\/wp-json\/wp\/v2\/posts\/122226\/revisions"}],"wp:featuredmedia":[{"embeddable":true,"href":"https:\/\/zjarr.tv\/en\/wp-json\/wp\/v2\/media\/122227"}],"wp:attachment":[{"href":"https:\/\/zjarr.tv\/en\/wp-json\/wp\/v2\/media?parent=122226"}],"wp:term":[{"taxonomy":"category","embeddable":true,"href":"https:\/\/zjarr.tv\/en\/wp-json\/wp\/v2\/categories?post=122226"},{"taxonomy":"post_tag","embeddable":true,"href":"https:\/\/zjarr.tv\/en\/wp-json\/wp\/v2\/tags?post=122226"}],"curies":[{"name":"wp","href":"https:\/\/api.w.org\/{rel}","templated":true}]}}