{"id":122229,"date":"2020-02-17T11:05:28","date_gmt":"2020-02-17T10:05:28","guid":{"rendered":"https:\/\/zjarr.tv\/?p=122229"},"modified":"2020-02-17T11:05:28","modified_gmt":"2020-02-17T10:05:28","slug":"rama-uron-kosoven-mediat-dhe-komentuesit-merren-me-harten","status":"publish","type":"post","link":"https:\/\/zjarr.tv\/en\/rama-uron-kosoven-mediat-dhe-komentuesit-merren-me-harten\/","title":{"rendered":"Rama uron Kosov\u00ebn\/ Mediat dhe komentuesit merren me hart\u00ebn"},"content":{"rendered":"<div class=\"readmore-text-here\">\n<p>Kryeministri Edi Rama uroi pavar\u00ebsin\u00eb e Kosov\u00ebs nga Brukseli.\u00a0Ai postoi nj\u00eb video online, bashk\u00eb me sh\u00ebnimin.<\/p>\n<p>\u201cURIME DIT\u00cbN E BEKUAR T\u00cb PAVAR\u00cbSIS\u00cb S\u00cb KOSOV\u00cbS T\u00cb GJITH\u00cb SHQIPTAR\u00cbVE KUDO Q\u00cb NDODHEN DHE I P\u00cbRJETSH\u00cbM QOFT\u00cb KUJTIMI I ATYRE Q\u00cb DHAN\u00cb JET\u00cbN P\u00cbR K\u00cbT\u00cb DIT\u00cb\u201d, shkruan Rama.<\/p>\n<p>Por mediat dhe komentuesit po merren me faktin se Rama ka postuar hart\u00ebn e shtetit m\u00eb t\u00eb ri n\u00eb Kosov\u00eb. Prej disa koh\u00ebsh, Edi Rama \u00ebsht\u00eb sh\u00ebnjestruar nga politika kosovare si nj\u00eb aktor i r\u00ebnd\u00ebsish\u00ebm i projektit p\u00ebr ndarjen e Kosov\u00ebs.<\/p>\n<div class=\"readmore-text-here\">\n<div class=\"readmore-text-here\">\n<p>Nd\u00ebrkoh\u00eb marr\u00ebdh\u00ebniet e tij me politik\u00ebn kosovare jan\u00eb m\u00eb t\u00eb k\u00ebqijat q\u00eb ka sh\u00ebnuar ndonj\u00eb lider shqiptar.<\/p>\n<div id=\"rekl-42\"><\/div>\n<p><iframe loading=\"lazy\" src=\"https:\/\/www.facebook.com\/plugins\/video.php?href=https%3A%2F%2Fwww.facebook.com%2Fedirama.al%2Fvideos%2F1076788356014905%2F&amp;show_text=0&amp;width=560\" width=\"560\" height=\"316\" frameborder=\"0\" scrolling=\"no\" allowfullscreen=\"allowfullscreen\" data-mce-fragment=\"1\"><\/iframe><\/p>\n<\/div>\n<p>&nbsp;<\/p>\n<p>&nbsp;<\/p>\n<\/div>\n<\/div>\n<p>&nbsp;<\/p>","protected":false},"excerpt":{"rendered":"<p>Kryeministri Edi Rama uroi pavar\u00ebsin\u00eb e Kosov\u00ebs nga Brukseli.\u00a0Ai postoi nj\u00eb video online, bashk\u00eb me sh\u00ebnimin. \u201cURIME DIT\u00cbN E BEKUAR T\u00cb PAVAR\u00cbSIS\u00cb S\u00cb KOSOV\u00cbS T\u00cb GJITH\u00cb SHQIPTAR\u00cbVE KUDO Q\u00cb NDODHEN DHE I P\u00cbRJETSH\u00cbM QOFT\u00cb KUJTIMI I ATYRE Q\u00cb DHAN\u00cb JET\u00cbN P\u00cbR K\u00cbT\u00cb DIT\u00cb\u201d, shkruan Rama. Por mediat dhe komentuesit po merren me faktin se Rama [&hellip;]<\/p>\n","protected":false},"author":2013,"featured_media":122148,"comment_status":"open","ping_status":"closed","sticky":false,"template":"","format":"standard","meta":{"footnotes":""},"categories":[241,235],"tags":[],"class_list":{"0":"post-122229","1":"post","2":"type-post","3":"status-publish","4":"format-standard","5":"has-post-thumbnail","7":"category-aktualitet","8":"category-vendi"},"_links":{"self":[{"href":"https:\/\/zjarr.tv\/en\/wp-json\/wp\/v2\/posts\/122229","targetHints":{"allow":["GET"]}}],"collection":[{"href":"https:\/\/zjarr.tv\/en\/wp-json\/wp\/v2\/posts"}],"about":[{"href":"https:\/\/zjarr.tv\/en\/wp-json\/wp\/v2\/types\/post"}],"author":[{"embeddable":true,"href":"https:\/\/zjarr.tv\/en\/wp-json\/wp\/v2\/users\/2013"}],"replies":[{"embeddable":true,"href":"https:\/\/zjarr.tv\/en\/wp-json\/wp\/v2\/comments?post=122229"}],"version-history":[{"count":0,"href":"https:\/\/zjarr.tv\/en\/wp-json\/wp\/v2\/posts\/122229\/revisions"}],"wp:featuredmedia":[{"embeddable":true,"href":"https:\/\/zjarr.tv\/en\/wp-json\/wp\/v2\/media\/122148"}],"wp:attachment":[{"href":"https:\/\/zjarr.tv\/en\/wp-json\/wp\/v2\/media?parent=122229"}],"wp:term":[{"taxonomy":"category","embeddable":true,"href":"https:\/\/zjarr.tv\/en\/wp-json\/wp\/v2\/categories?post=122229"},{"taxonomy":"post_tag","embeddable":true,"href":"https:\/\/zjarr.tv\/en\/wp-json\/wp\/v2\/tags?post=122229"}],"curies":[{"name":"wp","href":"https:\/\/api.w.org\/{rel}","templated":true}]}}