{"id":122232,"date":"2020-02-17T11:07:17","date_gmt":"2020-02-17T10:07:17","guid":{"rendered":"https:\/\/zjarr.tv\/?p=122232"},"modified":"2020-02-17T11:07:17","modified_gmt":"2020-02-17T10:07:17","slug":"gezuar-diten-e-pavaresise-kosova-jone-e-dashur","status":"publish","type":"post","link":"https:\/\/zjarr.tv\/en\/gezuar-diten-e-pavaresise-kosova-jone-e-dashur\/","title":{"rendered":"&#8216;G\u00ebzuar Dit\u00ebn e Pavar\u00ebsis\u00eb Kosova jon\u00eb e dashur!&#8217;"},"content":{"rendered":"<p><strong>Nga Monika Kryemadhi.<\/strong><\/p>\n<p>G\u00ebzuar Dit\u00ebn e Pavar\u00ebsis\u00eb Kosova jon\u00eb e dashur, martirja e p\u00ebrgjakur n\u00eb Evrop\u00ebn e koh\u00ebve moderne, \u00ebndrra e realizuar e t\u00eb r\u00ebn\u00ebve p\u00ebr liri!<\/p>\n<p>12-vjetori i Pavar\u00ebsis\u00eb s\u00eb Republik\u00ebs s\u00eb Kosov\u00ebs, m\u00eb jep rastin fatlum q\u00eb n\u00eb em\u00ebr t\u00eb L\u00ebvizjes Socialiste p\u00ebr Integrim, t\u00eb uroj me gjith\u00eb zem\u00ebr motrat dhe v\u00ebllez\u00ebrit shqiptar\u00eb, e bashk\u00eb me ta edhe t\u00eb gjith\u00eb qytetar\u00ebt e tjer\u00eb t\u00eb Kosov\u00ebs p\u00ebr ket\u00eb ngjarje t\u00eb sh\u00ebnuar, e nj\u00ebkoh\u00ebsisht t\u00eb shpreh bindjen time t\u00eb pal\u00ebkundur se kjo dit\u00eb e ve\u00e7ant\u00eb, do t\u00eb gjeneroj\u00eb m\u00eb shum\u00eb energji dhe besim, m\u00eb shum\u00eb p\u00ebrkushtim dhe vendosm\u00ebri, p\u00ebr t\u00eb punuar pa u lodhur asnj\u00ebher\u00eb p\u00ebr Kosov\u00ebn europiane.<\/p>\n<div id=\"rekl-4\"><\/div>\n<p>12 vjet n\u00eb jet\u00ebn e nj\u00eb vendi nuk jan\u00eb shum\u00eb, por 12 vjet t\u00eb shtetit t\u00eb pavarur t\u00eb Kosov\u00ebs, kan\u00eb sh\u00ebnuar arritje me p\u00ebrmasa epokale po t\u00eb kemi parasysh se sa shum\u00eb luft\u00eb e p\u00ebrpjekje, sa shum\u00eb sakrifica dhe privacione jan\u00eb dashur t\u00eb p\u00ebrballohen.<\/p>\n<p>Ndaj, \u00ebsht\u00eb e natyrshme q\u00eb sot nj\u00eb nderim i ve\u00e7ant\u00eb t\u00eb shkoj\u00eb p\u00ebr t\u00eb gjith\u00eb ata djem dhe vajza, p\u00ebr t\u00eb gjith\u00eb ata luft\u00ebtar\u00eb t\u00eb liris\u00eb q\u00eb i dhan\u00eb Kosov\u00ebs, liris\u00eb e pavar\u00ebsis\u00eb s\u00eb saj, jet\u00ebn e tyre.<\/p>\n<p>Gjithashtu dua t\u00eb shpreh mir\u00ebnjohjen e thell\u00eb ndaj Shteteve te Bashkuara te Amerik\u00ebs, Britanis\u00eb s\u00eb Madhe, Gjermanis\u00eb, q\u00eb ishin krah Kosov\u00ebs si n\u00eb dit\u00ebt e luft\u00ebs s\u00eb p\u00ebrgjakshme, ashtu edhe n\u00eb procesin politik p\u00ebr shpalljen e pavar\u00ebsis\u00eb s\u00eb saj.<\/p>\n<p>Kosova \u00ebsht\u00eb amaneti i shenjt\u00eb i gjakut t\u00eb t\u00eb r\u00ebn\u00ebve, por po aq \u00ebsht\u00eb edhe \u00ebndrra e bukur e djemve dhe vajzave t\u00eb saj, ndaj p\u00ebrparimi dhe mir\u00ebqenia, prosperiteti dhe zhvillimi i pandalsh\u00ebm, do ta b\u00ebjn\u00eb Kosov\u00ebn edhe m\u00eb t\u00eb fort\u00eb, edhe m\u00eb t\u00eb begat\u00eb, edhe m\u00eb europiane.<\/p>\n<p>Edhe nj\u00eb her\u00eb:<br \/>\nG\u00ebzuar Dit\u00ebn e Pavar\u00ebsis\u00eb Kosova jon\u00eb e dashur!<\/p>","protected":false},"excerpt":{"rendered":"<p>Nga Monika Kryemadhi. G\u00ebzuar Dit\u00ebn e Pavar\u00ebsis\u00eb Kosova jon\u00eb e dashur, martirja e p\u00ebrgjakur n\u00eb Evrop\u00ebn e koh\u00ebve moderne, \u00ebndrra e realizuar e t\u00eb r\u00ebn\u00ebve p\u00ebr liri! 12-vjetori i Pavar\u00ebsis\u00eb s\u00eb Republik\u00ebs s\u00eb Kosov\u00ebs, m\u00eb jep rastin fatlum q\u00eb n\u00eb em\u00ebr t\u00eb L\u00ebvizjes Socialiste p\u00ebr Integrim, t\u00eb uroj me gjith\u00eb zem\u00ebr motrat dhe v\u00ebllez\u00ebrit shqiptar\u00eb, [&hellip;]<\/p>\n","protected":false},"author":2013,"featured_media":115705,"comment_status":"open","ping_status":"closed","sticky":false,"template":"","format":"standard","meta":{"footnotes":""},"categories":[241,235],"tags":[],"class_list":{"0":"post-122232","1":"post","2":"type-post","3":"status-publish","4":"format-standard","5":"has-post-thumbnail","7":"category-aktualitet","8":"category-vendi"},"_links":{"self":[{"href":"https:\/\/zjarr.tv\/en\/wp-json\/wp\/v2\/posts\/122232","targetHints":{"allow":["GET"]}}],"collection":[{"href":"https:\/\/zjarr.tv\/en\/wp-json\/wp\/v2\/posts"}],"about":[{"href":"https:\/\/zjarr.tv\/en\/wp-json\/wp\/v2\/types\/post"}],"author":[{"embeddable":true,"href":"https:\/\/zjarr.tv\/en\/wp-json\/wp\/v2\/users\/2013"}],"replies":[{"embeddable":true,"href":"https:\/\/zjarr.tv\/en\/wp-json\/wp\/v2\/comments?post=122232"}],"version-history":[{"count":0,"href":"https:\/\/zjarr.tv\/en\/wp-json\/wp\/v2\/posts\/122232\/revisions"}],"wp:featuredmedia":[{"embeddable":true,"href":"https:\/\/zjarr.tv\/en\/wp-json\/wp\/v2\/media\/115705"}],"wp:attachment":[{"href":"https:\/\/zjarr.tv\/en\/wp-json\/wp\/v2\/media?parent=122232"}],"wp:term":[{"taxonomy":"category","embeddable":true,"href":"https:\/\/zjarr.tv\/en\/wp-json\/wp\/v2\/categories?post=122232"},{"taxonomy":"post_tag","embeddable":true,"href":"https:\/\/zjarr.tv\/en\/wp-json\/wp\/v2\/tags?post=122232"}],"curies":[{"name":"wp","href":"https:\/\/api.w.org\/{rel}","templated":true}]}}