{"id":122235,"date":"2020-02-17T11:09:18","date_gmt":"2020-02-17T10:09:18","guid":{"rendered":"https:\/\/zjarr.tv\/?p=122235"},"modified":"2020-02-17T11:09:18","modified_gmt":"2020-02-17T10:09:18","slug":"rama-pranon-per-here-te-pare-se-mini-shengeni-i-tij-dhe-i-vucic-nuk-ka-mbeshtetjen-e-be-se","status":"publish","type":"post","link":"https:\/\/zjarr.tv\/en\/rama-pranon-per-here-te-pare-se-mini-shengeni-i-tij-dhe-i-vucic-nuk-ka-mbeshtetjen-e-be-se\/","title":{"rendered":"Rama pranon p\u00ebr her\u00eb t\u00eb par\u00eb se \u201cMini-Shengeni\u201d i tij dhe i Vu\u00e7i\u00e7, nuk ka mb\u00ebshtetjen e BE-s\u00eb"},"content":{"rendered":"<p>N\u00eb fjal\u00ebn e mbajtur pas tryez\u00ebs s\u00eb organizuar nga Presidenti i K\u00ebshillit Evropian, Charles Michel n\u00eb Bruksel, kryeministri Edi Rama i ka m\u00ebshuar s\u00ebrish projektit t\u00eb \u201cMini-Shengenit ballkanik\u201d, por p\u00ebr her\u00eb t\u00eb par\u00eb ai ka pranuar se p\u00ebr k\u00ebt\u00eb nism\u00eb q\u00eb ka nisur s\u00eb bashku me presidentin e Serbis\u00eb, Aleksand\u00ebr Vu\u00e7i\u00e7, ende nuk kan\u00eb dakord\u00ebsin\u00eb e Bashkimit Europian.<\/p>\n<p>Ai ka folur edhe p\u00ebr ngat\u00ebrrestar\u00eb n\u00eb rajon dhe n\u00eb Europ\u00eb, t\u00eb cil\u00ebt sipas tij po pengojn\u00eb projektin e ngjizur n\u00eb Beograd, ku edhe ishte parashikuar q\u00eb t\u00eb firmosej n\u00eb dit\u00eb e fundit t\u00eb vitit t\u00eb shkuar, por p\u00ebr arsye q\u00eb ende nuk jan\u00eb m\u00ebsuar nuk ndodhi<\/p>\n<p><em>\u00a0\u201cUn\u00eb jam i bindur q\u00eb, m\u00eb her\u00ebt se von\u00eb, BE, KE do ta mb\u00ebshtesin patjet\u00ebr k\u00ebt\u00eb vizion se s\u2019ka si t\u00eb ndodh\u00eb ndryshe derisa \u00ebsht\u00eb nj\u00eb vizion q\u00eb merr spunto nga 4 lirit\u00eb e vet\u00eb Bashkimit Europian, por, sigurisht, q\u00eb do t\u00eb na duhet q\u00eb t\u00eb kemi pak durim, sepse ngat\u00ebrrestar\u00ebt nuk jan\u00eb vet\u00ebm n\u00eb Ballkan, jan\u00eb edhe n\u00eb Europ\u00eb, kudo, k\u00ebshtu q\u00eb, nd\u00ebrkoh\u00eb q\u00eb BE, KiE, KE kan\u00eb shum\u00eb probleme t\u00eb tjera dhe kan\u00eb shum\u00eb e shum\u00eb halle t\u00eb tjera, k\u00ebshtu q\u00eb derisa t\u00eb ken\u00eb plot\u00ebsisht fokus mbi k\u00ebt\u00eb q\u00eb ne duam t\u00eb b\u00ebjm\u00eb, jam i bindur q\u00eb gjith\u00e7ka do t\u00eb kthjellohet dhe pastaj jo vet\u00ebm q\u00eb BE do ta mb\u00ebshtes\u00eb fuqimisht, por kam bindjen q\u00eb vendet do vler\u00ebsohen edhe n\u00eb baz\u00eb t\u00eb qasjes dhe kapaciteteve p\u00ebr t\u00eb jet\u00ebsuar hap\u00ebsir\u00ebn europiane brenda perimetrit t\u00eb Shengenit rajonal\u201d,<\/em>\u00a0ka zbuluar ai p\u00ebr her\u00eb t\u00eb par\u00eb skepticizmin e BE, KiE dhe KE p\u00ebr k\u00ebt\u00eb projekt t\u00eb shum\u00ebp\u00ebrfolur.<\/p>\n<div id=\"rekl-13\">\n<div id=\"__sap-ad-15\" class=\"__sap-ads __sap-html tracked\" data-title=\"Credins desktop Brenda lajmit 08\"><\/div>\n<\/div>\n<p>N\u00eb deklaratat e m\u00ebparshme Rama ka th\u00ebn\u00eb, se kjo nism\u00eb ka edhe miratimin e BE-s\u00eb dhe SHBA-s\u00eb, por deri m\u00eb tani asnj\u00eb deklarat\u00eb serioze n\u00eb mb\u00ebshtetje t\u00eb t\u00eb ashtuquajturit \u201cShengen ballkanik\u201d nuk ka dal\u00eb nga kancelarit\u00eb p\u00ebrkat\u00ebse.<\/p>","protected":false},"excerpt":{"rendered":"<p>N\u00eb fjal\u00ebn e mbajtur pas tryez\u00ebs s\u00eb organizuar nga Presidenti i K\u00ebshillit Evropian, Charles Michel n\u00eb Bruksel, kryeministri Edi Rama i ka m\u00ebshuar s\u00ebrish projektit t\u00eb \u201cMini-Shengenit ballkanik\u201d, por p\u00ebr her\u00eb t\u00eb par\u00eb ai ka pranuar se p\u00ebr k\u00ebt\u00eb nism\u00eb q\u00eb ka nisur s\u00eb bashku me presidentin e Serbis\u00eb, Aleksand\u00ebr Vu\u00e7i\u00e7, ende nuk kan\u00eb dakord\u00ebsin\u00eb [&hellip;]<\/p>\n","protected":false},"author":2013,"featured_media":119013,"comment_status":"open","ping_status":"closed","sticky":false,"template":"","format":"standard","meta":{"footnotes":""},"categories":[241,235],"tags":[],"class_list":{"0":"post-122235","1":"post","2":"type-post","3":"status-publish","4":"format-standard","5":"has-post-thumbnail","7":"category-aktualitet","8":"category-vendi"},"_links":{"self":[{"href":"https:\/\/zjarr.tv\/en\/wp-json\/wp\/v2\/posts\/122235","targetHints":{"allow":["GET"]}}],"collection":[{"href":"https:\/\/zjarr.tv\/en\/wp-json\/wp\/v2\/posts"}],"about":[{"href":"https:\/\/zjarr.tv\/en\/wp-json\/wp\/v2\/types\/post"}],"author":[{"embeddable":true,"href":"https:\/\/zjarr.tv\/en\/wp-json\/wp\/v2\/users\/2013"}],"replies":[{"embeddable":true,"href":"https:\/\/zjarr.tv\/en\/wp-json\/wp\/v2\/comments?post=122235"}],"version-history":[{"count":0,"href":"https:\/\/zjarr.tv\/en\/wp-json\/wp\/v2\/posts\/122235\/revisions"}],"wp:featuredmedia":[{"embeddable":true,"href":"https:\/\/zjarr.tv\/en\/wp-json\/wp\/v2\/media\/119013"}],"wp:attachment":[{"href":"https:\/\/zjarr.tv\/en\/wp-json\/wp\/v2\/media?parent=122235"}],"wp:term":[{"taxonomy":"category","embeddable":true,"href":"https:\/\/zjarr.tv\/en\/wp-json\/wp\/v2\/categories?post=122235"},{"taxonomy":"post_tag","embeddable":true,"href":"https:\/\/zjarr.tv\/en\/wp-json\/wp\/v2\/tags?post=122235"}],"curies":[{"name":"wp","href":"https:\/\/api.w.org\/{rel}","templated":true}]}}