{"id":122237,"date":"2020-02-17T11:26:56","date_gmt":"2020-02-17T10:26:56","guid":{"rendered":"https:\/\/zjarr.tv\/?p=122237"},"modified":"2020-02-17T11:26:56","modified_gmt":"2020-02-17T10:26:56","slug":"lufte-mes-aleksander-frangajt-dhe-ben-blushit-si-po-i-nxjerrin-te-palarat-njeri-tjetrit","status":"publish","type":"post","link":"https:\/\/zjarr.tv\/en\/lufte-mes-aleksander-frangajt-dhe-ben-blushit-si-po-i-nxjerrin-te-palarat-njeri-tjetrit\/","title":{"rendered":"Luft\u00eb mes Aleksand\u00ebr Frangajt dhe Ben Blushit, si po i nxjerrin t\u00eb palarat nj\u00ebri tjetrit"},"content":{"rendered":"<p>Prej disa dit\u00ebsh, TV Klan dhe Top Channel kan\u00eb nisur nj\u00eb luft\u00eb t\u00eb heshtur.<\/p>\n<p>Dy personazhet kryesor\u00eb t\u00eb k\u00ebsaj lufte jan\u00eb pronari i TV Klan, Aleksand\u00ebr Frangaj dhe drejtori i Top Channel, Ben Blushi.<\/p>\n<p>Nuk dihet se kush jan\u00eb shkakatar\u00ebt e k\u00ebsaj p\u00ebrplasje, por Frangaj ka risjell\u00eb n\u00eb sken\u00eb akuzat ndaj Ben Blushit, tek biznesi i incenerator\u00ebve, duke p\u00ebrdorur edhe media t\u00eb tjera.<\/p>\n<p>N\u00eb sken\u00eb kan\u00eb dal\u00eb disa dokumente, sipas t\u00eb cilave gruaja e Blushit rezulton aksionere dhe ortake me Klodian Zoton.<\/p>\n<p>Pal\u00eb n\u00eb k\u00ebt\u00eb betej\u00eb \u00ebsht\u00eb b\u00ebr\u00eb edhe Sali Berisha, kuptohet n\u00eb krah t\u00eb Aleksand\u00ebr Frangajt.<\/p>\n<p>Ai ka rimarr\u00eb t\u00eb gjitha akuzat ndaj Blushit, dhe i ka postuar n\u00eb FB-n\u00eb e tij.<\/p>\n<p>Blushi nga ana tjet\u00ebr \u00ebsht\u00eb p\u00ebrgjigjur duke risjell\u00eb n\u00eb publik n\u00ebp\u00ebrmjet TCH, akuzat p\u00ebr \u201crrug\u00ebn e florninjt\u00eb\u201d Milot-Balldre, prapa s\u00eb cil\u00ebs dyshohet se qendron Aleksand\u00ebr Frangaj.<\/p>\n<p>Kujtojm\u00eb q\u00eb TV Klan e ka mbrojtur publikisht koston e \u00e7mendur p\u00ebr nd\u00ebrtimin e k\u00ebsaj rruge, q\u00eb \u00ebsht\u00eb jasht\u00eb \u00e7do logjike.<\/p>\n<p>Frangaj dhe Blushi kan\u00eb qen\u00eb miq bashk\u00eb dhe madje shkonin edhe p\u00ebr pushime n\u00ebn shoq\u00ebrin\u00eb e nj\u00ebri-tjetrit.<\/p>\n<p>Vet\u00ebm se tani gj\u00ebrat duket se kan\u00eb ndryshuar dhe lufta mes tyre \u00ebsht\u00eb b\u00ebr\u00eb e ashp\u00ebr.<\/p>\n<p>Nuk dihet se cili do t\u00eb jet\u00eb fundi i k\u00ebsaj beteje, por nj\u00eb gj\u00eb e mir\u00eb vjen nga kjo p\u00ebrplasje: T\u00eb pakt\u00ebn po i nxjerrin t\u00eb palarat\u00a0 nj\u00ebri-tjetrit. \/ Gazeta Tema\/<\/p>","protected":false},"excerpt":{"rendered":"<p>Prej disa dit\u00ebsh, TV Klan dhe Top Channel kan\u00eb nisur nj\u00eb luft\u00eb t\u00eb heshtur. Dy personazhet kryesor\u00eb t\u00eb k\u00ebsaj lufte jan\u00eb pronari i TV Klan, Aleksand\u00ebr Frangaj dhe drejtori i Top Channel, Ben Blushi. Nuk dihet se kush jan\u00eb shkakatar\u00ebt e k\u00ebsaj p\u00ebrplasje, por Frangaj ka risjell\u00eb n\u00eb sken\u00eb akuzat ndaj Ben Blushit, tek biznesi [&hellip;]<\/p>\n","protected":false},"author":2013,"featured_media":122238,"comment_status":"open","ping_status":"closed","sticky":false,"template":"","format":"standard","meta":{"footnotes":""},"categories":[241,235],"tags":[],"class_list":{"0":"post-122237","1":"post","2":"type-post","3":"status-publish","4":"format-standard","5":"has-post-thumbnail","7":"category-aktualitet","8":"category-vendi"},"_links":{"self":[{"href":"https:\/\/zjarr.tv\/en\/wp-json\/wp\/v2\/posts\/122237","targetHints":{"allow":["GET"]}}],"collection":[{"href":"https:\/\/zjarr.tv\/en\/wp-json\/wp\/v2\/posts"}],"about":[{"href":"https:\/\/zjarr.tv\/en\/wp-json\/wp\/v2\/types\/post"}],"author":[{"embeddable":true,"href":"https:\/\/zjarr.tv\/en\/wp-json\/wp\/v2\/users\/2013"}],"replies":[{"embeddable":true,"href":"https:\/\/zjarr.tv\/en\/wp-json\/wp\/v2\/comments?post=122237"}],"version-history":[{"count":0,"href":"https:\/\/zjarr.tv\/en\/wp-json\/wp\/v2\/posts\/122237\/revisions"}],"wp:featuredmedia":[{"embeddable":true,"href":"https:\/\/zjarr.tv\/en\/wp-json\/wp\/v2\/media\/122238"}],"wp:attachment":[{"href":"https:\/\/zjarr.tv\/en\/wp-json\/wp\/v2\/media?parent=122237"}],"wp:term":[{"taxonomy":"category","embeddable":true,"href":"https:\/\/zjarr.tv\/en\/wp-json\/wp\/v2\/categories?post=122237"},{"taxonomy":"post_tag","embeddable":true,"href":"https:\/\/zjarr.tv\/en\/wp-json\/wp\/v2\/tags?post=122237"}],"curies":[{"name":"wp","href":"https:\/\/api.w.org\/{rel}","templated":true}]}}