{"id":122240,"date":"2020-02-17T12:02:20","date_gmt":"2020-02-17T11:02:20","guid":{"rendered":"https:\/\/zjarr.tv\/?p=122240"},"modified":"2020-02-17T12:02:20","modified_gmt":"2020-02-17T11:02:20","slug":"meta-qeveria-keqperdori-komisionin-e-venecias-per-realizimin-e-grushtit-te-shtetit","status":"publish","type":"post","link":"https:\/\/zjarr.tv\/en\/meta-qeveria-keqperdori-komisionin-e-venecias-per-realizimin-e-grushtit-te-shtetit\/","title":{"rendered":"Meta: Qeveria keqp\u00ebrdori komisionin e Venecias p\u00ebr realizimin e grushtit t\u00eb shtetit"},"content":{"rendered":"<p>Presidenti Ilir Meta deklaron se nuk do t\u00eb lejoj\u00eb instalimin e grushtit t\u00eb shtetit. Meta thot\u00eb se votimi i ndryshimeve t\u00eb pr\/ligjit p\u00ebr gjykat\u00ebn Kushtetuese, \u00ebsht\u00eb atentat i r\u00ebnd\u00eb me q\u00ebllim kontrollin mafioz t\u00eb pushtetit t\u00eb em\u00ebrimeve n\u00eb Gjykat\u00ebn Kushtetuese.<\/p>\n<p>Meta thot\u00eb se Komisioni i Venecias u keqp\u00ebrdor n\u00eb funksion t\u00eb mbulimit t\u00eb realizimit final t\u00eb grushtit t\u00eb shtetit<\/p>\n<p><strong>Presidenti Ilir Meta deklaron:\u00a0<\/strong><em>Kuvendi n\u00eb m\u00ebnyr\u00eb m\u00eb t\u00eb pabes\u00eb e t\u00eb pamoralshme disa or\u00eb para se t\u00eb vizitonte Komisioni i Venecias votoi n\u00eb seanc\u00eb plenare n\u00eb err\u00ebsir\u00eb t\u00eb plot\u00eb pr\/ligjin p\u00ebr disa shtesa n\u00eb ligjin p\u00ebr gjykat\u00ebn Kushtetuese.<\/em><\/p>\n<p><em>Ndryshon nenin q\u00eb rregullonte procesin e betimit t\u00eb Gjykat\u00ebs Kushtetuese duke i dh\u00ebn\u00eb p\u00ebrgjigje pyetjeve p\u00ebr t\u00eb cil\u00ebn kishte thirrur Komisionin e Venecias.<\/em><\/p>\n<p><em>Kjo dhunon n\u00eb m\u00ebnyr\u00eb flagrante nenin 129 t\u00eb Kushtetut\u00ebs dhe t\u00eb gjitha parimet thelemore t\u00eb Kushtetut\u00ebs. Votimi i ligjit \u00ebsht\u00eb atentat i r\u00ebnd\u00eb me q\u00ebllim kontrollin mafioz t\u00eb pushtetit t\u00eb em\u00ebrimeve n\u00eb Gjykat\u00ebn Kushtetuese.<\/em><\/p>\n<p><em>Ky nxitim \u00a0n\u00eb panik i maxhoranc\u00ebs..\u00a0<\/em><\/p>\n<p><em>Si president, p\u00ebrfaq\u00ebsues i popullit dhe kreu i shtetit i k\u00ebrkoj ndjes\u00eb Komisionit t\u00eb Venecias q\u00eb u keqp\u00ebrdor n\u00eb funksion t\u00eb mbulimit t\u00eb realizimit final t\u00eb grushtit t\u00eb shtetit. I siguroj se Republika e Shqip\u00ebris\u00eb edhe pse po p\u00ebrjeton gjendjen m\u00eb t\u00eb r\u00ebnd\u00eb t\u00eb kapjes s\u00eb shtetit \u00a0nuk\u00a0<\/em><em>do t\u00eb pranoj\u00eb instalimin e grushtit t\u00eb shtetit, p\u00ebrmes nd\u00ebrrimit t\u00eb Gjykat\u00ebs Kushtetuese n\u00eb nj\u00eb polici antikushtetuese t\u00eb shtetit PPP. Si president do t\u00eb marr pjes\u00eb vet\u00eb n\u00eb seanc\u00ebn plenare t\u00eb komisionit t\u00eb Venecia&#8221;<\/em><\/p>","protected":false},"excerpt":{"rendered":"<p>Presidenti Ilir Meta deklaron se nuk do t\u00eb lejoj\u00eb instalimin e grushtit t\u00eb shtetit. Meta thot\u00eb se votimi i ndryshimeve t\u00eb pr\/ligjit p\u00ebr gjykat\u00ebn Kushtetuese, \u00ebsht\u00eb atentat i r\u00ebnd\u00eb me q\u00ebllim kontrollin mafioz t\u00eb pushtetit t\u00eb em\u00ebrimeve n\u00eb Gjykat\u00ebn Kushtetuese. Meta thot\u00eb se Komisioni i Venecias u keqp\u00ebrdor n\u00eb funksion t\u00eb mbulimit t\u00eb realizimit final [&hellip;]<\/p>\n","protected":false},"author":2013,"featured_media":99906,"comment_status":"open","ping_status":"closed","sticky":false,"template":"","format":"standard","meta":{"footnotes":""},"categories":[241,235],"tags":[],"class_list":{"0":"post-122240","1":"post","2":"type-post","3":"status-publish","4":"format-standard","5":"has-post-thumbnail","7":"category-aktualitet","8":"category-vendi"},"_links":{"self":[{"href":"https:\/\/zjarr.tv\/en\/wp-json\/wp\/v2\/posts\/122240","targetHints":{"allow":["GET"]}}],"collection":[{"href":"https:\/\/zjarr.tv\/en\/wp-json\/wp\/v2\/posts"}],"about":[{"href":"https:\/\/zjarr.tv\/en\/wp-json\/wp\/v2\/types\/post"}],"author":[{"embeddable":true,"href":"https:\/\/zjarr.tv\/en\/wp-json\/wp\/v2\/users\/2013"}],"replies":[{"embeddable":true,"href":"https:\/\/zjarr.tv\/en\/wp-json\/wp\/v2\/comments?post=122240"}],"version-history":[{"count":0,"href":"https:\/\/zjarr.tv\/en\/wp-json\/wp\/v2\/posts\/122240\/revisions"}],"wp:featuredmedia":[{"embeddable":true,"href":"https:\/\/zjarr.tv\/en\/wp-json\/wp\/v2\/media\/99906"}],"wp:attachment":[{"href":"https:\/\/zjarr.tv\/en\/wp-json\/wp\/v2\/media?parent=122240"}],"wp:term":[{"taxonomy":"category","embeddable":true,"href":"https:\/\/zjarr.tv\/en\/wp-json\/wp\/v2\/categories?post=122240"},{"taxonomy":"post_tag","embeddable":true,"href":"https:\/\/zjarr.tv\/en\/wp-json\/wp\/v2\/tags?post=122240"}],"curies":[{"name":"wp","href":"https:\/\/api.w.org\/{rel}","templated":true}]}}