{"id":122242,"date":"2020-02-17T12:05:01","date_gmt":"2020-02-17T11:05:01","guid":{"rendered":"https:\/\/zjarr.tv\/?p=122242"},"modified":"2020-02-17T12:05:01","modified_gmt":"2020-02-17T11:05:01","slug":"meta-dvorani-abuzoi-me-detyren-po-i-ruan-vetes-vendin-e-fundit-ne-gjykaten-kushtetuese","status":"publish","type":"post","link":"https:\/\/zjarr.tv\/en\/meta-dvorani-abuzoi-me-detyren-po-i-ruan-vetes-vendin-e-fundit-ne-gjykaten-kushtetuese\/","title":{"rendered":"Meta: Dvorani abuzoi me detyr\u00ebn, po i ruan vetes vendin e fundit n\u00eb Gjykat\u00ebn Kushtetuese"},"content":{"rendered":"<p>Presidenti Ilir Meta ka dal\u00eb n\u00eb nj\u00eb konferenc\u00eb t\u00eb jasht\u00ebzakonshme p\u00ebr mediat, n\u00eb lidhje me situat\u00ebn n\u00eb Gjykat\u00ebn Kushtetuese.<\/p>\n<p>Presidenti Meta ka hedhur akuza t\u00eb forta ndaj Ardian Dvoranit, t\u00eb cilin e ka akuzuar se ka mashtruar nd\u00ebrkomb\u00ebtar\u00ebt, me q\u00ebllim p\u00ebr ti rr\u00ebmbyer presidentit em\u00ebrimin e an\u00ebtarit t\u00eb Gjykat\u00ebs Kushtetuese.<\/p>\n<p>Sipas Presidentit Meta, Dvorani po k\u00ebrkon q\u00eb ti ruaj\u00eb vetes s\u00eb ti, vendin e fundit n\u00eb Gjykat\u00ebn Kushtetuese.<\/p>\n<div id=\"rekl-4\"><\/div>\n<p><strong>Pjes\u00eb nga deklarata e presidentit Ilir Meta:<\/strong><\/p>\n<div id=\"rekl-42\"><\/div>\n<p><em>Mir\u00eb se erdh\u00ebt n\u00eb k\u00ebshtjell\u00ebn e mbrojtjes s\u00eb Kushtetut\u00ebs dhe demokracis\u00eb.<\/em><\/p>\n<p><em>Deklarat\u00eb q\u00eb v\u00ebrtetojn\u00eb veprimtarin\u00eb kriminale t\u00eb t\u00eb kall\u00ebzuarit Ardian Dvorani.<\/em><\/p>\n<p><em>Sot dua t\u00eb njoftoj p\u00ebr veprimtarin\u00eb e re kriminale t\u00eb Dvoranit p\u00ebr K\u00ebshillin e Em\u00ebrimeve n\u00eb Drejt\u00ebsi.<\/em><\/p>\n<p><em>Prej dot do t\u00eb depozitoj nj\u00eb shtes\u00eb, sepse atij i duhet ti ndalohet menj\u00ebher\u00eb veprimtaria \u00a0kriminale e nxitur nga presioni politik\u00eb p\u00ebr kapjen e Gjykat\u00ebs Kushtetuese.<\/em><\/p>\n<p><em>Atij duhet ti ndalohet menj\u00ebher\u00eb veprimtaria e organizuar kriminale p\u00ebr plot\u00ebsimin e vendeve vakante me q\u00ebllim q\u00eb vendin e fundit t\u2019ia ruaj\u00eb vetes.<\/em><\/p>\n<p><em>Pa zhvilluar asnj\u00eb mbledhje t\u00eb K\u00ebshillit t\u00eb em\u00ebrimeve n\u00eb drejt\u00ebsi, pa pasur kompetenc\u00ebn ligjore, konstaton sikur t\u00eb jet\u00eb vet\u00eb President, zgjedhjen e nj\u00eb an\u00ebtari t\u00eb gjykat\u00ebs kushtetuese.<\/em><\/p>\n<p><em>Duke mashtruar opinionin nd\u00ebrkomb\u00ebtar, ai ka mashtruar me q\u00ebllimin q\u00eb ti rr\u00ebmbenin presidentit em\u00ebrimin e an\u00ebtarit t\u00eb Gjykat\u00ebs Kushtetuese.<\/em><\/p>\n<p><em>Dvorani duhet ti p\u00ebrgjigjet SPAK-ut pse nuk e thirri K\u00ebshillin e Em\u00ebrimeve n\u00eb Drejt\u00ebsi t\u00eb shqyrtonte shkres\u00ebn e Presidentit?<\/em><\/p>","protected":false},"excerpt":{"rendered":"<p>Presidenti Ilir Meta ka dal\u00eb n\u00eb nj\u00eb konferenc\u00eb t\u00eb jasht\u00ebzakonshme p\u00ebr mediat, n\u00eb lidhje me situat\u00ebn n\u00eb Gjykat\u00ebn Kushtetuese. Presidenti Meta ka hedhur akuza t\u00eb forta ndaj Ardian Dvoranit, t\u00eb cilin e ka akuzuar se ka mashtruar nd\u00ebrkomb\u00ebtar\u00ebt, me q\u00ebllim p\u00ebr ti rr\u00ebmbyer presidentit em\u00ebrimin e an\u00ebtarit t\u00eb Gjykat\u00ebs Kushtetuese. Sipas Presidentit Meta, Dvorani po [&hellip;]<\/p>\n","protected":false},"author":2013,"featured_media":107288,"comment_status":"open","ping_status":"closed","sticky":false,"template":"","format":"standard","meta":{"footnotes":""},"categories":[241,235],"tags":[],"class_list":{"0":"post-122242","1":"post","2":"type-post","3":"status-publish","4":"format-standard","5":"has-post-thumbnail","7":"category-aktualitet","8":"category-vendi"},"_links":{"self":[{"href":"https:\/\/zjarr.tv\/en\/wp-json\/wp\/v2\/posts\/122242","targetHints":{"allow":["GET"]}}],"collection":[{"href":"https:\/\/zjarr.tv\/en\/wp-json\/wp\/v2\/posts"}],"about":[{"href":"https:\/\/zjarr.tv\/en\/wp-json\/wp\/v2\/types\/post"}],"author":[{"embeddable":true,"href":"https:\/\/zjarr.tv\/en\/wp-json\/wp\/v2\/users\/2013"}],"replies":[{"embeddable":true,"href":"https:\/\/zjarr.tv\/en\/wp-json\/wp\/v2\/comments?post=122242"}],"version-history":[{"count":0,"href":"https:\/\/zjarr.tv\/en\/wp-json\/wp\/v2\/posts\/122242\/revisions"}],"wp:featuredmedia":[{"embeddable":true,"href":"https:\/\/zjarr.tv\/en\/wp-json\/wp\/v2\/media\/107288"}],"wp:attachment":[{"href":"https:\/\/zjarr.tv\/en\/wp-json\/wp\/v2\/media?parent=122242"}],"wp:term":[{"taxonomy":"category","embeddable":true,"href":"https:\/\/zjarr.tv\/en\/wp-json\/wp\/v2\/categories?post=122242"},{"taxonomy":"post_tag","embeddable":true,"href":"https:\/\/zjarr.tv\/en\/wp-json\/wp\/v2\/tags?post=122242"}],"curies":[{"name":"wp","href":"https:\/\/api.w.org\/{rel}","templated":true}]}}