{"id":122244,"date":"2020-02-17T12:47:33","date_gmt":"2020-02-17T11:47:33","guid":{"rendered":"https:\/\/zjarr.tv\/?p=122244"},"modified":"2020-02-17T12:47:33","modified_gmt":"2020-02-17T11:47:33","slug":"12-vjet-pavaresi-bushati-gjenerata-e-re-e-udheheqesve-te-coje-para-endrren-e-atyre-qe-dhane-gjithcka-per-kosoven-shtet","status":"publish","type":"post","link":"https:\/\/zjarr.tv\/en\/12-vjet-pavaresi-bushati-gjenerata-e-re-e-udheheqesve-te-coje-para-endrren-e-atyre-qe-dhane-gjithcka-per-kosoven-shtet\/","title":{"rendered":"12 vjet pavar\u00ebsi, Bushati: Gjenerata e re e udh\u00ebheq\u00ebsve t\u00eb \u00e7oj\u00eb para \u00ebndrr\u00ebn e atyre q\u00eb dhan\u00eb gjith\u00e7ka p\u00ebr Kosov\u00ebn shtet"},"content":{"rendered":"<p>Ish ministri i Jasht\u00ebm Ditmir Bushati ka uruar 12-vjetorin e pavar\u00ebsis\u00eb s\u00eb Kosov\u00ebs duke theksuar se gjenerata e re e udh\u00ebheq\u00ebsve n\u00eb Kosov\u00eb duhet t\u00eb \u00e7oj\u00eb me vendosm\u00ebri para \u00ebndrr\u00ebn e atyre q\u00eb dhan\u00eb gjith\u00e7ka p\u00ebr Kosov\u00ebn shtet, pa vendosur n\u00eb diskutimet arritjet e m\u00ebdha historike.<\/p>\n<p>N\u00eb nj\u00eb urim n\u00eb rrjetet sociale, Bushati thot\u00eb se &#8220;nuk duhet ta harrojm\u00eb p\u00ebr asnj\u00eb \u00e7ast se Kosova shtet \u00ebsht\u00eb produkt i sakrific\u00ebs p\u00ebr liri dhe rendit nd\u00ebrkomb\u00ebtar t\u00eb bazuar mbi respektin p\u00ebr t\u00eb drejtat e njeriut&#8221;, duke u shprehur se 17 shkurti 2008 sh\u00ebnoi realizimin e d\u00ebshir\u00ebs s\u00eb hershme p\u00ebr nj\u00eb Kosov\u00eb t\u00eb lir\u00eb dhe t\u00eb pavarur. Gjenerata e re e udh\u00ebheq\u00ebsve t\u00eb Kosov\u00ebs dhe qytetar\u00ebt e saj duhet t\u00eb \u00e7ojn\u00eb me vendosm\u00ebri p\u00ebrpara \u00ebndrr\u00ebn e atyre q\u00eb dhan\u00eb gjith\u00e7ka p\u00ebr Kosov\u00ebn shtet, pa vendosur n\u00eb diskutim arritjet e m\u00ebdha historike\u201d.<\/p>\n<p><strong>POSTIMI I PLOTE I DITMIR BUSHATIT<\/strong><\/p>\n<div id=\"rekl-4\"><\/div>\n<p>Kosova si shtet i pavarur lindi nga sakrificat, mundi dhe men\u00e7uria e disa gjeneratave. Ajo u ngrit n\u00eb k\u00ebmb\u00eb nga gjaku i d\u00ebshmor\u00ebve dhe dhimbja e popullit, i cili e pati n\u00eb krah\u00eb mb\u00ebshtetjen e SHBA-ve dhe t\u00eb aleat\u00ebve tan\u00eb n\u00eb NATO. 17 shkurti i vitit 2008 sh\u00ebnon realizimin e d\u00ebshir\u00ebs s\u00eb hershme p\u00ebr nj\u00eb Kosov\u00eb t\u00eb lir\u00eb, t\u00eb pavarur dhe t\u00eb drejt\u00eb q\u00eb respekton dinjitetin e qytetar\u00ebve t\u00eb saj, q\u00eb garanton barazin\u00eb, q\u00eb synon mir\u00ebqenien dhe q\u00eb \u00ebsht\u00eb e hapur p\u00ebr marr\u00ebdh\u00ebnie t\u00eb mira e bashk\u00ebpunuese me t\u00eb gjitha shtetet, sidomos n\u00eb rajon.<br \/>\nN\u00eb k\u00ebto 12 vite rrug\u00ebtimi jo t\u00eb leht\u00eb, Kosova ka sh\u00ebnuar hapa p\u00ebrpara n\u00eb procesin e shtetnd\u00ebrtimit demokratik. K\u00ebt\u00eb e treguan edhe zgjedhjet e mir\u00eborganizuara parlamentare t\u00eb 6 tetorit, t\u00eb cilat u vler\u00ebsuan edhe nga organizatat nd\u00ebrkomb\u00ebtare. Gjenerata e re e udh\u00ebheq\u00ebsve t\u00eb Kosov\u00ebs dhe qytetar\u00ebt e saj duhet t\u00eb \u00e7ojn\u00eb me vendosm\u00ebri p\u00ebrpara \u00ebndrr\u00ebn e atyre q\u00eb dhan\u00eb gjith\u00e7ka p\u00ebr Kosov\u00ebn shtet, pa vendosur n\u00eb diskutim arritjet e m\u00ebdha historike.<br \/>\nNe shqiptar\u00ebt nuk duhet ta harrojm\u00eb p\u00ebr asnj\u00eb \u00e7ast se shteti i Kosov\u00ebs \u00ebsht\u00eb rezultat i sakrific\u00ebs p\u00ebr liri dhe rendit nd\u00ebrkomb\u00ebtar t\u00eb bazuar mbi respektimin e t\u00eb drejtave t\u00eb njeriut. Ndaj, sot \u00ebsht\u00eb dita gjithashtu q\u00eb t\u00eb shprehim mir\u00ebnjohjen p\u00ebr SHBA-t\u00eb dhe aleat\u00ebt tan\u00eb n\u00eb NATO!<br \/>\nG\u00ebzuar jet\u00eb e mot Pavar\u00ebsin\u00eb Kosov\u00eb!<\/p>","protected":false},"excerpt":{"rendered":"<p>Ish ministri i Jasht\u00ebm Ditmir Bushati ka uruar 12-vjetorin e pavar\u00ebsis\u00eb s\u00eb Kosov\u00ebs duke theksuar se gjenerata e re e udh\u00ebheq\u00ebsve n\u00eb Kosov\u00eb duhet t\u00eb \u00e7oj\u00eb me vendosm\u00ebri para \u00ebndrr\u00ebn e atyre q\u00eb dhan\u00eb gjith\u00e7ka p\u00ebr Kosov\u00ebn shtet, pa vendosur n\u00eb diskutimet arritjet e m\u00ebdha historike. N\u00eb nj\u00eb urim n\u00eb rrjetet sociale, Bushati thot\u00eb se [&hellip;]<\/p>\n","protected":false},"author":2013,"featured_media":122245,"comment_status":"open","ping_status":"closed","sticky":false,"template":"","format":"standard","meta":{"footnotes":""},"categories":[241,235],"tags":[],"class_list":{"0":"post-122244","1":"post","2":"type-post","3":"status-publish","4":"format-standard","5":"has-post-thumbnail","7":"category-aktualitet","8":"category-vendi"},"_links":{"self":[{"href":"https:\/\/zjarr.tv\/en\/wp-json\/wp\/v2\/posts\/122244","targetHints":{"allow":["GET"]}}],"collection":[{"href":"https:\/\/zjarr.tv\/en\/wp-json\/wp\/v2\/posts"}],"about":[{"href":"https:\/\/zjarr.tv\/en\/wp-json\/wp\/v2\/types\/post"}],"author":[{"embeddable":true,"href":"https:\/\/zjarr.tv\/en\/wp-json\/wp\/v2\/users\/2013"}],"replies":[{"embeddable":true,"href":"https:\/\/zjarr.tv\/en\/wp-json\/wp\/v2\/comments?post=122244"}],"version-history":[{"count":0,"href":"https:\/\/zjarr.tv\/en\/wp-json\/wp\/v2\/posts\/122244\/revisions"}],"wp:featuredmedia":[{"embeddable":true,"href":"https:\/\/zjarr.tv\/en\/wp-json\/wp\/v2\/media\/122245"}],"wp:attachment":[{"href":"https:\/\/zjarr.tv\/en\/wp-json\/wp\/v2\/media?parent=122244"}],"wp:term":[{"taxonomy":"category","embeddable":true,"href":"https:\/\/zjarr.tv\/en\/wp-json\/wp\/v2\/categories?post=122244"},{"taxonomy":"post_tag","embeddable":true,"href":"https:\/\/zjarr.tv\/en\/wp-json\/wp\/v2\/tags?post=122244"}],"curies":[{"name":"wp","href":"https:\/\/api.w.org\/{rel}","templated":true}]}}