{"id":122247,"date":"2020-02-17T12:49:49","date_gmt":"2020-02-17T11:49:49","guid":{"rendered":"https:\/\/zjarr.tv\/?p=122247"},"modified":"2020-02-17T12:49:49","modified_gmt":"2020-02-17T11:49:49","slug":"ruci-uron-kryetaren-e-kuvendit-te-kosoves-per-12-vjetorin-e-pavaresise-realizim-i-aspiratave-te-vellezerve-kosovare","status":"publish","type":"post","link":"https:\/\/zjarr.tv\/en\/ruci-uron-kryetaren-e-kuvendit-te-kosoves-per-12-vjetorin-e-pavaresise-realizim-i-aspiratave-te-vellezerve-kosovare\/","title":{"rendered":"Ru\u00e7i uron Kryetaren e Kuvendit t\u00eb Kosov\u00ebs p\u00ebr 12-vjetorin e Pavar\u00ebsis\u00eb: Realizim i aspiratave t\u00eb v\u00ebllez\u00ebrve kosovar\u00eb"},"content":{"rendered":"<p>Me rastin e 12-vjetorit t\u00eb Pavar\u00ebsis\u00eb s\u00eb Republik\u00ebs s\u00eb Kosov\u00ebs, Kryetari i Kuvendit, Gramoz Ru\u00e7i, i ka d\u00ebrguar nj\u00eb let\u00ebr urimi Kryetares s\u00eb Kuvendit t\u00eb Kosov\u00ebs, Vjosa Osmani.<\/p>\n<p>N\u00eb mesazhin e tij, Ru\u00e7i shprehet se pavar\u00ebsia e Kosov\u00ebs \u00ebsht\u00eb realizim i aspiratave t\u00eb v\u00ebllez\u00ebrve kosovar\u00eb p\u00ebr t\u00eb pasur shtetin e tyre demokratik, p\u00ebr t\u00eb vendosur p\u00ebr t\u00eb ardhmen e vet dhe p\u00ebr t\u00eb kontribuar n\u00eb zhvillimin, mir\u00ebqenien, paqen dhe sigurin\u00eb e Republik\u00ebs s\u00eb tyre dhe n\u00eb rajon e m\u00eb gjer\u00eb.<\/p>\n<p>Kreu i Kuvendit shprehet se mir\u00ebnjohja p\u00ebr \u00e7lirimin dhe pavar\u00ebsin\u00eb e Kosov\u00ebs ndaj aleat\u00ebve strategjik\u00eb, konkretizohet n\u00eb partneritetin p\u00ebr p\u00ebrballimin e sfidave t\u00eb sotme.<\/p>\n<p>\u201cJu uroj nga zemra k\u00ebt\u00eb dit\u00eb t\u00eb sh\u00ebnuar p\u00ebr Kosov\u00ebn, Shqip\u00ebrin\u00eb dhe t\u00eb gjith\u00eb shqiptar\u00ebt.<br \/>\nPavar\u00ebsia e Republik\u00ebs s\u00eb Kosov\u00ebs \u00ebsht\u00eb realizimi i aspiratave t\u00eb v\u00ebllez\u00ebrve kosovar\u00eb p\u00ebr t\u00eb pasur shtetin e tyre demokratik, p\u00ebr t\u00eb vendosur p\u00ebr t\u00eb ardhmen e vet dhe p\u00ebr t\u00eb kontribuar n\u00eb zhvillimin, mir\u00ebqenien, paqen dhe sigurin\u00eb e Republik\u00ebs s\u00eb tyre dhe n\u00eb rajon e m\u00eb gjer\u00eb.<br \/>\nPavar\u00ebsia e Republik\u00ebs s\u00eb Kosov\u00ebs u arrit me luft\u00ebn e Ushtris\u00eb \u00c7lirimtare t\u00eb Kosov\u00ebs, sakrificat e qytetar\u00ebve si edhe jet\u00ebt e mijra d\u00ebshmor\u00ebve t\u00eb saj, t\u00eb cil\u00ebt shqiptar\u00ebt, kudo ku jetojn\u00eb, do t\u2019i kujtojn\u00eb e nderojn\u00eb p\u00ebrjet\u00ebsisht.<br \/>\nPavar\u00ebsia e Republik\u00ebs s\u00eb Kosov\u00ebs \u00ebsht\u00eb rezultat edhe i mb\u00ebshtetjes s\u00eb pashembullt t\u00eb aleat\u00ebve t\u00eb m\u00ebdhenj t\u00eb Kosov\u00ebs dhe t\u00eb t\u00eb gjith\u00eb shqiptar\u00ebve, Shteteve t\u00eb Bashkuara t\u00eb Amerik\u00ebs, NATO-s dhe Bashkimit Europian. Lufta p\u00ebr pavar\u00ebsin\u00eb e Kosov\u00ebs ishte nj\u00eb luft\u00eb unike p\u00ebr t\u00eb mbrojtur vlerat dhe p\u00ebr t\u00eb sjell\u00eb e garantuar paqen n\u00eb Kosov\u00eb e n\u00eb rajon.<br \/>\nT\u00eb gjith\u00eb shqiptar\u00ebt u jemi mir\u00ebnjoh\u00ebs aleat\u00ebve tan\u00eb strategjik\u00eb p\u00ebr \u00e7lirimin dhe pavar\u00ebsin\u00eb e Kosov\u00ebs dhe kjo mir\u00ebnjohje shprehet e konkretizohet n\u00eb bashk\u00ebpunimin e partneritetin e ngusht\u00eb me Shtetet e Bashkuara t\u00eb Amerik\u00ebs, NATO-n dhe Bashkimin Europian n\u00eb p\u00ebrballimin e sfidave t\u00eb zhvillimit dhe t\u00eb s\u00eb ardhmes s\u00eb Republik\u00ebs s\u00eb Kosov\u00ebs si edhe paqes, siguris\u00eb e stabilitetit n\u00eb rajon\u201d, shkruan n\u00eb mesazhin e tij t\u00eb urimit, Kryetari i Kuvendit, z. Gramoz Ru\u00e7i.<\/p>","protected":false},"excerpt":{"rendered":"<p>Me rastin e 12-vjetorit t\u00eb Pavar\u00ebsis\u00eb s\u00eb Republik\u00ebs s\u00eb Kosov\u00ebs, Kryetari i Kuvendit, Gramoz Ru\u00e7i, i ka d\u00ebrguar nj\u00eb let\u00ebr urimi Kryetares s\u00eb Kuvendit t\u00eb Kosov\u00ebs, Vjosa Osmani. N\u00eb mesazhin e tij, Ru\u00e7i shprehet se pavar\u00ebsia e Kosov\u00ebs \u00ebsht\u00eb realizim i aspiratave t\u00eb v\u00ebllez\u00ebrve kosovar\u00eb p\u00ebr t\u00eb pasur shtetin e tyre demokratik, p\u00ebr t\u00eb vendosur [&hellip;]<\/p>\n","protected":false},"author":2013,"featured_media":60112,"comment_status":"open","ping_status":"closed","sticky":false,"template":"","format":"standard","meta":{"footnotes":""},"categories":[241,235],"tags":[],"class_list":{"0":"post-122247","1":"post","2":"type-post","3":"status-publish","4":"format-standard","5":"has-post-thumbnail","7":"category-aktualitet","8":"category-vendi"},"_links":{"self":[{"href":"https:\/\/zjarr.tv\/en\/wp-json\/wp\/v2\/posts\/122247","targetHints":{"allow":["GET"]}}],"collection":[{"href":"https:\/\/zjarr.tv\/en\/wp-json\/wp\/v2\/posts"}],"about":[{"href":"https:\/\/zjarr.tv\/en\/wp-json\/wp\/v2\/types\/post"}],"author":[{"embeddable":true,"href":"https:\/\/zjarr.tv\/en\/wp-json\/wp\/v2\/users\/2013"}],"replies":[{"embeddable":true,"href":"https:\/\/zjarr.tv\/en\/wp-json\/wp\/v2\/comments?post=122247"}],"version-history":[{"count":0,"href":"https:\/\/zjarr.tv\/en\/wp-json\/wp\/v2\/posts\/122247\/revisions"}],"wp:featuredmedia":[{"embeddable":true,"href":"https:\/\/zjarr.tv\/en\/wp-json\/wp\/v2\/media\/60112"}],"wp:attachment":[{"href":"https:\/\/zjarr.tv\/en\/wp-json\/wp\/v2\/media?parent=122247"}],"wp:term":[{"taxonomy":"category","embeddable":true,"href":"https:\/\/zjarr.tv\/en\/wp-json\/wp\/v2\/categories?post=122247"},{"taxonomy":"post_tag","embeddable":true,"href":"https:\/\/zjarr.tv\/en\/wp-json\/wp\/v2\/tags?post=122247"}],"curies":[{"name":"wp","href":"https:\/\/api.w.org\/{rel}","templated":true}]}}