{"id":122251,"date":"2020-02-17T13:01:57","date_gmt":"2020-02-17T12:01:57","guid":{"rendered":"https:\/\/zjarr.tv\/?p=122251"},"modified":"2020-02-17T13:01:57","modified_gmt":"2020-02-17T12:01:57","slug":"ofl-kush-jane-dy-vellezerit-nga-vlora-qe-u-kerkohet-te-deklarojne-pasurine","status":"publish","type":"post","link":"https:\/\/zjarr.tv\/en\/ofl-kush-jane-dy-vellezerit-nga-vlora-qe-u-kerkohet-te-deklarojne-pasurine\/","title":{"rendered":"OFL, kush jan\u00eb dy v\u00ebllez\u00ebrit nga Vlora q\u00eb u k\u00ebrkohet t\u00eb deklarojn\u00eb pasurin\u00eb"},"content":{"rendered":"<p>b\u00ebhet fjal\u00eb p\u00ebr dy v\u00ebllez\u00ebrit, Altin dhe Mikel \u00c7uca. Ata jan\u00eb d\u00ebnuar nga Gjykata e Torinos n\u00eb Itali p\u00ebr trafik droge. Mikel \u00c7uca \u00ebsht\u00eb arrestuar n\u00eb nj\u00eb operacion t\u00eb p\u00ebrbashk\u00ebt mes policis\u00eb shqiptare dhe asaj italiane n\u00eb 2011. Edhe Altini, v\u00ebllai i tij \u00ebsht\u00eb arrestuar n\u00eb Itali me t\u00eb nj\u00ebjt\u00ebn akuz\u00eb. M\u00eb her\u00ebt v\u00ebllez\u00ebrit e kan\u00eb pasur mbiemrin \u201c\u00c7u\u00e7aj\u201d dhe e kan\u00eb b\u00ebr\u00eb \u201c\u00c7uca\u201d m\u00eb von\u00eb.<\/p>","protected":false},"excerpt":{"rendered":"<p>b\u00ebhet fjal\u00eb p\u00ebr dy v\u00ebllez\u00ebrit, Altin dhe Mikel \u00c7uca. Ata jan\u00eb d\u00ebnuar nga Gjykata e Torinos n\u00eb Itali p\u00ebr trafik droge. Mikel \u00c7uca \u00ebsht\u00eb arrestuar n\u00eb nj\u00eb operacion t\u00eb p\u00ebrbashk\u00ebt mes policis\u00eb shqiptare dhe asaj italiane n\u00eb 2011. Edhe Altini, v\u00ebllai i tij \u00ebsht\u00eb arrestuar n\u00eb Itali me t\u00eb nj\u00ebjt\u00ebn akuz\u00eb. M\u00eb her\u00ebt v\u00ebllez\u00ebrit e [&hellip;]<\/p>\n","protected":false},"author":2013,"featured_media":121275,"comment_status":"open","ping_status":"closed","sticky":false,"template":"","format":"standard","meta":{"footnotes":""},"categories":[241,235],"tags":[],"class_list":{"0":"post-122251","1":"post","2":"type-post","3":"status-publish","4":"format-standard","5":"has-post-thumbnail","7":"category-aktualitet","8":"category-vendi"},"_links":{"self":[{"href":"https:\/\/zjarr.tv\/en\/wp-json\/wp\/v2\/posts\/122251","targetHints":{"allow":["GET"]}}],"collection":[{"href":"https:\/\/zjarr.tv\/en\/wp-json\/wp\/v2\/posts"}],"about":[{"href":"https:\/\/zjarr.tv\/en\/wp-json\/wp\/v2\/types\/post"}],"author":[{"embeddable":true,"href":"https:\/\/zjarr.tv\/en\/wp-json\/wp\/v2\/users\/2013"}],"replies":[{"embeddable":true,"href":"https:\/\/zjarr.tv\/en\/wp-json\/wp\/v2\/comments?post=122251"}],"version-history":[{"count":0,"href":"https:\/\/zjarr.tv\/en\/wp-json\/wp\/v2\/posts\/122251\/revisions"}],"wp:featuredmedia":[{"embeddable":true,"href":"https:\/\/zjarr.tv\/en\/wp-json\/wp\/v2\/media\/121275"}],"wp:attachment":[{"href":"https:\/\/zjarr.tv\/en\/wp-json\/wp\/v2\/media?parent=122251"}],"wp:term":[{"taxonomy":"category","embeddable":true,"href":"https:\/\/zjarr.tv\/en\/wp-json\/wp\/v2\/categories?post=122251"},{"taxonomy":"post_tag","embeddable":true,"href":"https:\/\/zjarr.tv\/en\/wp-json\/wp\/v2\/tags?post=122251"}],"curies":[{"name":"wp","href":"https:\/\/api.w.org\/{rel}","templated":true}]}}