{"id":122275,"date":"2020-02-18T13:09:04","date_gmt":"2020-02-18T12:09:04","guid":{"rendered":"https:\/\/zjarr.tv\/?p=122275"},"modified":"2020-02-18T13:09:04","modified_gmt":"2020-02-18T12:09:04","slug":"shperndarje-e-parlamentit-nga-presidenti-vjen-reagimi-nga-ps-manja-absurde-do-ishte-atentat-ndaj-kushtetutes","status":"publish","type":"post","link":"https:\/\/zjarr.tv\/en\/shperndarje-e-parlamentit-nga-presidenti-vjen-reagimi-nga-ps-manja-absurde-do-ishte-atentat-ndaj-kushtetutes\/","title":{"rendered":"Shp\u00ebrndarje e Parlamentit nga Presidenti\/ Vjen reagimi nga PS, Manja: Absurde, do ishte atentat ndaj Kushtetut\u00ebs"},"content":{"rendered":"<p>N\u00eb nj\u00eb prononcim p\u00ebr mediat nga qyteti i Kor\u00e7\u00ebs kreu i Komisionit t\u00eb ligjeve, deputeti socialist Ulsi Manja ka komentuar deklarat\u00ebn e djeshme t\u00eb presidentit t\u00eb Republik\u00ebs Ilir Meta.<\/p>\n<p>Lidhur me paralajm\u00ebrimin e Met\u00ebs se nuk do t\u2019i dekretoj\u00eb ndryshimet n\u00eb ligjin p\u00ebr Gjykat\u00ebn Kushtetuese, Manja tha se Presidenti me nj\u00eb deklarat\u00eb t\u00eb till\u00eb k\u00ebrkoi t\u00eb eklipsonte nj\u00eb konferenc\u00eb t\u00eb jasht\u00ebzakonshme p\u00ebr shqiptar\u00ebt duke iu referuar konferenc\u00ebs s\u00eb donator\u00ebve. Ai theksoi se n\u00ebse Presidenti ia kthen s\u00ebrish Kuvendit, kuvendi do e rr\u00ebzoj\u00eb dekretin.<\/p>\n<p>Manja tha se Presidenti duhet t\u2019i referohet nenit 1 t\u00eb Kushtetut\u00ebs s\u00eb Shqip\u00ebris\u00eb se Shqip\u00ebria \u00ebsht\u00eb Republike Parlamentare. I pyetur n\u00ebse mund ta shp\u00ebrndaj\u00eb Presidenti parlamentin, Manja tha se \u00ebsht\u00eb absurde dhe ta mendosh dhe se do ishte nj\u00eb shkelje e r\u00ebnd\u00eb.<\/p>\n<div id=\"rekl-13\"><\/div>\n<p>\u201cN\u00eb fakt un\u00eb jam njohur dje me deklarat\u00ebn e presidentit t\u00eb Republik\u00ebs dhe m\u00eb erdhi keq q\u00eb presidenti zgjodhi t\u00eb b\u00ebj\u00eb nj\u00eb deklarat\u00eb t\u00eb till\u00eb n\u00eb nj\u00eb dit\u00eb shum\u00eb t\u00eb r\u00ebnd\u00ebsishme p\u00ebr shqiptar\u00ebt\u201d. \u201cDje ishte konferenca e donator\u00ebve ku Shqip\u00ebria mori mb\u00ebshtetjen e miqve dhe partner\u00ebve lidhur me fatkeq\u00ebsin\u00eb natyrore t\u00eb dat\u00ebs 26 n\u00ebntor dhe nuk m\u00eb erdhi mir\u00eb q\u00eb presidenti me nj\u00eb deklarat\u00eb t\u00eb till\u00eb n\u00eb Tiran\u00eb k\u00ebrkoi t\u00eb eklipsonte nj\u00eb konferenc\u00eb t\u00eb jasht\u00ebzakonshme p\u00ebr shqiptar\u00ebt dhe un\u00eb gjej rastin t\u00eb fal\u00ebnderoj donator\u00ebt dhe kryeministrin\u201d, tha Manja.<\/p>\n<p>\u201cP\u00ebr presidentin e kam t\u00eb qart\u00eb p\u00ebrgjigjen, kjo mazhoranc\u00eb do t\u00eb zbatoj\u00eb kushtetut\u00ebn, ligjet e vendit dhe rregulloren e kuvendit\u201d.<br \/>\n\u201cN\u00ebse presidenti n\u00eb vazhd\u00ebn e shum\u00eb ligjeve q\u00eb nuk i dekreton dhe ia kthen p\u00ebrs\u00ebri kuvendit, kuvendi do t\u00eb rr\u00ebzoj\u00eb dekretin e presidentit\u201d, vijoi ai n\u00eb prononcimin p\u00ebr mediat.\u201cPresidenti \u00ebsht\u00eb n\u00eb nj\u00eb procedur\u00eb shkarkimi n\u00eb Kuvendin e Shqip\u00ebris\u00eb, \u00ebsht\u00eb brenda afateve q\u00eb ka p\u00ebrcaktuar kuvendi\u201d.<\/p>\n<p>\u201cLidhur me shp\u00ebrndarjen e parlamentit nga ana e presidentit, edhe n\u00eb k\u00ebt\u00eb rast kushtetuta e ka b\u00ebr\u00eb t\u00eb qart\u00eb se n\u00eb cilat raste shp\u00ebrndahet parlamenti, \u00ebsht\u00eb di\u00e7ka absurde ta mendosh. Besoj do t\u00eb ishte shkelja m\u00eb e r\u00ebnd\u00eb, atentati m\u00eb i r\u00ebnd\u00eb q\u00eb mund t\u2019i b\u00ebhet Kushtetut\u00ebs s\u00eb vendit\u201d, tha Manja.<\/p>","protected":false},"excerpt":{"rendered":"<p>N\u00eb nj\u00eb prononcim p\u00ebr mediat nga qyteti i Kor\u00e7\u00ebs kreu i Komisionit t\u00eb ligjeve, deputeti socialist Ulsi Manja ka komentuar deklarat\u00ebn e djeshme t\u00eb presidentit t\u00eb Republik\u00ebs Ilir Meta. Lidhur me paralajm\u00ebrimin e Met\u00ebs se nuk do t\u2019i dekretoj\u00eb ndryshimet n\u00eb ligjin p\u00ebr Gjykat\u00ebn Kushtetuese, Manja tha se Presidenti me nj\u00eb deklarat\u00eb t\u00eb till\u00eb k\u00ebrkoi [&hellip;]<\/p>\n","protected":false},"author":2013,"featured_media":122276,"comment_status":"open","ping_status":"closed","sticky":false,"template":"","format":"standard","meta":{"footnotes":""},"categories":[241,235],"tags":[],"class_list":{"0":"post-122275","1":"post","2":"type-post","3":"status-publish","4":"format-standard","5":"has-post-thumbnail","7":"category-aktualitet","8":"category-vendi"},"_links":{"self":[{"href":"https:\/\/zjarr.tv\/en\/wp-json\/wp\/v2\/posts\/122275","targetHints":{"allow":["GET"]}}],"collection":[{"href":"https:\/\/zjarr.tv\/en\/wp-json\/wp\/v2\/posts"}],"about":[{"href":"https:\/\/zjarr.tv\/en\/wp-json\/wp\/v2\/types\/post"}],"author":[{"embeddable":true,"href":"https:\/\/zjarr.tv\/en\/wp-json\/wp\/v2\/users\/2013"}],"replies":[{"embeddable":true,"href":"https:\/\/zjarr.tv\/en\/wp-json\/wp\/v2\/comments?post=122275"}],"version-history":[{"count":0,"href":"https:\/\/zjarr.tv\/en\/wp-json\/wp\/v2\/posts\/122275\/revisions"}],"wp:featuredmedia":[{"embeddable":true,"href":"https:\/\/zjarr.tv\/en\/wp-json\/wp\/v2\/media\/122276"}],"wp:attachment":[{"href":"https:\/\/zjarr.tv\/en\/wp-json\/wp\/v2\/media?parent=122275"}],"wp:term":[{"taxonomy":"category","embeddable":true,"href":"https:\/\/zjarr.tv\/en\/wp-json\/wp\/v2\/categories?post=122275"},{"taxonomy":"post_tag","embeddable":true,"href":"https:\/\/zjarr.tv\/en\/wp-json\/wp\/v2\/tags?post=122275"}],"curies":[{"name":"wp","href":"https:\/\/api.w.org\/{rel}","templated":true}]}}