{"id":122278,"date":"2020-02-18T14:01:56","date_gmt":"2020-02-18T13:01:56","guid":{"rendered":"https:\/\/zjarr.tv\/?p=122278"},"modified":"2020-02-18T14:01:56","modified_gmt":"2020-02-18T13:01:56","slug":"ruci-e-balla-vizite-ne-arabine-saudite-te-dy-vendet-partnere-te-besueshem-te-shteteve-te-bashkuara-kunder-terrorizmit","status":"publish","type":"post","link":"https:\/\/zjarr.tv\/en\/ruci-e-balla-vizite-ne-arabine-saudite-te-dy-vendet-partnere-te-besueshem-te-shteteve-te-bashkuara-kunder-terrorizmit\/","title":{"rendered":"Ru\u00e7i e Balla vizit\u00eb n\u00eb Arabin\u00eb Saudite: T\u00eb dy vendet, partner\u00eb t\u00eb besuesh\u00ebm t\u00eb Shteteve t\u00eb Bashkuara kund\u00ebr terrorizmit"},"content":{"rendered":"<p>Kryetari i Grupit Parlamentar t\u00eb Partis\u00eb Socialiste s\u00ebbashku me Kryetarin e Kuvendit, Gramoz Ru\u00e7i filluan sot nj\u00eb vizit\u00eb zyrtare n\u00eb Arabin\u00eb Saudite, ku do t\u00eb takohemi me autoritetet m\u00eb t\u00eb larta t\u00eb parlamentit dhe qeveris\u00eb, me ftes\u00eb t\u00eb Kryetarit t\u00eb Parlamentit t\u00eb Arabis\u00eb Saudite Abdullah Ibn Muhammad Al Ash-Sheikh.<\/p>\n<p>Balla deklaron se Shqip\u00ebria i \u00ebsht\u00eb mir\u00ebnjoh\u00ebse Mbretit t\u00eb Arabis\u00eb Saudite Salman bin Abudalaziz Al Saud, parlamentit dhe qeveris\u00eb saudite p\u00ebr mb\u00ebshtetjen e vazhdueshme dhe solidaritetin vllaz\u00ebror pas t\u00ebrmetit t\u00eb 26 N\u00ebntorit. N\u00eb konferenc\u00ebn e donator\u00ebve dje n\u00eb Bruksel Banka Islamike p\u00ebr Zhvillim,ku Qeveria Saudite \u00ebsht\u00eb aksioneri kryesor, garantoi 365 milion\u00eb euro p\u00ebr projekte n\u00eb 5 vitet e ardhshme n\u00eb fush\u00ebn e infrastruktures dhe arsimit, kryesisht n\u00eb zonat e prekura nga t\u00ebrmeti. Po ashtu 50 milion\u00eb euro t\u00eb tjera nga IBD do t\u00eb shkojn\u00eb p\u00ebr ndihm\u00eb n\u00eb mb\u00ebshtetje t\u00eb biznesit. Takimin e par\u00eb Ru\u00e7i dhe Balla e zhvilluan me Kryetarin e Parlamentit Saudit Abdullah Ibn Muhammad Al Ash-Sheikh. N\u00eb fokus t\u00eb bised\u00ebs s\u00eb takimit ishte procesi i rind\u00ebrtimit pas t\u00ebrmetit t\u00eb 26 N\u00ebntorit, mb\u00ebshtetja dhe solidariteti shum\u00eb i madh nd\u00ebrkomb\u00ebtar, si dhe u diskutua mbi aspekte t\u00eb bashk\u00ebpunimit dypal\u00ebsh politik, ekonomik e treg\u00ebtar si edhe mbi intensifikimin e bashk\u00ebpunimit parlamentar.<\/p>\n<div class=\"galery-slider\"><\/div>\n<p>Kryetari i Parlamentit t\u00eb Arabis\u00eb Saudite u shpreh se mb\u00ebshtetja e Arabis\u00eb Saudite do t\u00eb zgjerohet s\u00eb shpejti edhe n\u00eb nj\u00eb mb\u00ebshtetje financiare t\u00eb drejt\u00ebp\u00ebrdrejt\u00eb bilaterale.<\/p>\n<p>Nd\u00ebrsa Kryetari i Kuvendit, Gramoz Ru\u00e7i i shprehu mir\u00ebnjohjen Kryetarit Al Asheikh p\u00ebr solidaritetin e Arabis\u00eb Saudite pas t\u00ebrmetit t\u00eb 26 n\u00ebntorit dhe n\u00ebnvizoi se p\u00ebrve\u00e7 kontributit n\u00ebp\u00ebrmjet Bank\u00ebs Islamike p\u00ebr Zhvillim, do t\u00eb mir\u00ebpriste edhe nj\u00eb ndihm\u00eb t\u00eb drejtp\u00ebrdrejt\u00eb financiare p\u00ebr mb\u00ebshtetjen e faz\u00ebs s\u00eb rind\u00ebrtimit.<\/p>\n<p>\u201cBashk\u00ebpunimi i shk\u00eblqyer politik midis t\u00eb dy vendeve duhet t\u00eb p\u00ebrkthehet n\u00eb rritjen e bashk\u00ebpunimit ekonomik, treg\u00ebtar dhe t\u00eb investimeve saudite, t\u00eb cilat jan\u00eb t\u00eb mir\u00ebpritura n\u00eb Shqip\u00ebri.\u201d, n\u00ebnvizoi Kryetari Ru\u00e7i.<\/p>\n<p>Nd\u00ebrsa Kryetari i Grupit Parlamentar t\u00eb PS Taulant Balla nga ana e tij n\u00ebnvizoi se \u201cShqip\u00ebrin\u00eb dhe Arabin\u00eb Saudite i bashkon edhe bashk\u00ebpunimi i ngusht\u00eb dhe partneriteti strategjik me SHBA n\u00eb luft\u00ebn kund\u00ebr terrorizmit. T\u00eb dy vendet tona jan\u00eb partner\u00eb t\u00eb besuesh\u00ebm t\u00eb Shteteve t\u00eb Bashkuara kund\u00ebr terrorizmit\u201d, deklaroi Balla.<\/p>\n<p>Kryetari i Parlamentit t\u00eb Arabis\u00eb Saudite Abdullah Ibn Muhammad Al Ash-Sheikh, vler\u00ebsoi lart bashk\u00ebpunimin dhe marr\u00ebdh\u00ebniet vllaz\u00ebrore me Shqip\u00ebrin\u00eb dhe vuri n\u00eb dukje vullnetin e pal\u00ebs saudite, posa\u00e7\u00ebrisht t\u00eb Mbretit t\u00eb Arabis\u00eb Saudite, Madh\u00ebris\u00eb s\u00eb Tij, Salman bin Abdulaziz Al Saud p\u00ebr zgjerimin dhe forcimin e k\u00ebtyre marr\u0113dh\u00ebnieve. Arabia Saudite do t\u00eb vazhdoj\u00eb t\u00eb kontriboj\u00eb p\u00ebr faz\u00ebn e rind\u00ebrtimit t\u00eb banesave t\u00eb shkat\u00ebrruara nga t\u00ebrmeti. Gjat\u00eb takimit u bisedua edhe p\u00ebr aspekte konkrete t\u00eb bashk\u00ebpunimit dypal\u00ebsh n\u00eb fush\u00ebn e turizmit, transportit ajror etj. S\u00eb shpejti do t\u00eb filloj\u00eb t\u00eb funksionoj\u00eb edhe linja direkte midis t\u00eb dy vendeve.<\/p>","protected":false},"excerpt":{"rendered":"<p>Kryetari i Grupit Parlamentar t\u00eb Partis\u00eb Socialiste s\u00ebbashku me Kryetarin e Kuvendit, Gramoz Ru\u00e7i filluan sot nj\u00eb vizit\u00eb zyrtare n\u00eb Arabin\u00eb Saudite, ku do t\u00eb takohemi me autoritetet m\u00eb t\u00eb larta t\u00eb parlamentit dhe qeveris\u00eb, me ftes\u00eb t\u00eb Kryetarit t\u00eb Parlamentit t\u00eb Arabis\u00eb Saudite Abdullah Ibn Muhammad Al Ash-Sheikh. Balla deklaron se Shqip\u00ebria i \u00ebsht\u00eb [&hellip;]<\/p>\n","protected":false},"author":2013,"featured_media":122279,"comment_status":"open","ping_status":"closed","sticky":false,"template":"","format":"standard","meta":{"footnotes":""},"categories":[241,235],"tags":[],"class_list":{"0":"post-122278","1":"post","2":"type-post","3":"status-publish","4":"format-standard","5":"has-post-thumbnail","7":"category-aktualitet","8":"category-vendi"},"_links":{"self":[{"href":"https:\/\/zjarr.tv\/en\/wp-json\/wp\/v2\/posts\/122278","targetHints":{"allow":["GET"]}}],"collection":[{"href":"https:\/\/zjarr.tv\/en\/wp-json\/wp\/v2\/posts"}],"about":[{"href":"https:\/\/zjarr.tv\/en\/wp-json\/wp\/v2\/types\/post"}],"author":[{"embeddable":true,"href":"https:\/\/zjarr.tv\/en\/wp-json\/wp\/v2\/users\/2013"}],"replies":[{"embeddable":true,"href":"https:\/\/zjarr.tv\/en\/wp-json\/wp\/v2\/comments?post=122278"}],"version-history":[{"count":0,"href":"https:\/\/zjarr.tv\/en\/wp-json\/wp\/v2\/posts\/122278\/revisions"}],"wp:featuredmedia":[{"embeddable":true,"href":"https:\/\/zjarr.tv\/en\/wp-json\/wp\/v2\/media\/122279"}],"wp:attachment":[{"href":"https:\/\/zjarr.tv\/en\/wp-json\/wp\/v2\/media?parent=122278"}],"wp:term":[{"taxonomy":"category","embeddable":true,"href":"https:\/\/zjarr.tv\/en\/wp-json\/wp\/v2\/categories?post=122278"},{"taxonomy":"post_tag","embeddable":true,"href":"https:\/\/zjarr.tv\/en\/wp-json\/wp\/v2\/tags?post=122278"}],"curies":[{"name":"wp","href":"https:\/\/api.w.org\/{rel}","templated":true}]}}