{"id":122281,"date":"2020-02-18T14:04:55","date_gmt":"2020-02-18T13:04:55","guid":{"rendered":"https:\/\/zjarr.tv\/?p=122281"},"modified":"2020-02-18T14:04:55","modified_gmt":"2020-02-18T13:04:55","slug":"basha-mbledh-aleatet-ne-seline-e-pd-i-percjell-shqetesimet-e-metes","status":"publish","type":"post","link":"https:\/\/zjarr.tv\/en\/basha-mbledh-aleatet-ne-seline-e-pd-i-percjell-shqetesimet-e-metes\/","title":{"rendered":"Basha mbledh aleat\u00ebt n\u00eb selin\u00eb e PD, i p\u00ebrcjell shqet\u00ebsimet e Met\u00ebs"},"content":{"rendered":"<p>Kryetari i Partis\u00eb Demokratike, Lulzim Basha ka thirrur sot n\u00eb nj\u00eb takim aleat\u00ebt e tij t\u00eb opozit\u00ebs s\u00eb bashkuar.\u00a0Tryeza n\u00eb fjal\u00eb vjen pas takimit q\u00eb lideri i demokrat\u00ebve pati sot me presidentin Ilir Meta, ku ky i fundit e thirri Bash\u00ebn n\u00eb Presidenc\u00eb nj\u00eb dit\u00eb pas shtimit t\u00eb akuzave ndaj KED dhe deklaratave p\u00ebr grusht shteti nga mazhoranca.N\u00eb takim Meta i k\u00ebrkoi kryetarit t\u00eb PD-s\u00eb q\u00eb t\u00eb informonte edhe drejtuesit e partive t\u00eb tjera opozitare, nd\u00ebrsa \u00ebsht\u00eb shprehur se do b\u00ebj\u00eb \u00e7do gj\u00eb p\u00ebr t\u00eb ndaluar dhe p\u00ebr t\u00eb shpartalluar grushtin e shtetit.<\/p>\n<p>Kujtojm\u00eb se mes Presidenc\u00ebs dhe mazhoranc\u00ebs ka pasur nj\u00eb tjet\u00ebr p\u00ebrplasja sa i takon miratimit t\u00eb ligjit p\u00ebr betimin e gjyqtar\u00ebve, ku i hiqen kompetencat presidentit.<\/p>","protected":false},"excerpt":{"rendered":"<p>Kryetari i Partis\u00eb Demokratike, Lulzim Basha ka thirrur sot n\u00eb nj\u00eb takim aleat\u00ebt e tij t\u00eb opozit\u00ebs s\u00eb bashkuar.\u00a0Tryeza n\u00eb fjal\u00eb vjen pas takimit q\u00eb lideri i demokrat\u00ebve pati sot me presidentin Ilir Meta, ku ky i fundit e thirri Bash\u00ebn n\u00eb Presidenc\u00eb nj\u00eb dit\u00eb pas shtimit t\u00eb akuzave ndaj KED dhe deklaratave p\u00ebr grusht [&hellip;]<\/p>\n","protected":false},"author":2013,"featured_media":56721,"comment_status":"open","ping_status":"closed","sticky":false,"template":"","format":"standard","meta":{"footnotes":""},"categories":[241,235],"tags":[],"class_list":{"0":"post-122281","1":"post","2":"type-post","3":"status-publish","4":"format-standard","5":"has-post-thumbnail","7":"category-aktualitet","8":"category-vendi"},"_links":{"self":[{"href":"https:\/\/zjarr.tv\/en\/wp-json\/wp\/v2\/posts\/122281","targetHints":{"allow":["GET"]}}],"collection":[{"href":"https:\/\/zjarr.tv\/en\/wp-json\/wp\/v2\/posts"}],"about":[{"href":"https:\/\/zjarr.tv\/en\/wp-json\/wp\/v2\/types\/post"}],"author":[{"embeddable":true,"href":"https:\/\/zjarr.tv\/en\/wp-json\/wp\/v2\/users\/2013"}],"replies":[{"embeddable":true,"href":"https:\/\/zjarr.tv\/en\/wp-json\/wp\/v2\/comments?post=122281"}],"version-history":[{"count":0,"href":"https:\/\/zjarr.tv\/en\/wp-json\/wp\/v2\/posts\/122281\/revisions"}],"wp:featuredmedia":[{"embeddable":true,"href":"https:\/\/zjarr.tv\/en\/wp-json\/wp\/v2\/media\/56721"}],"wp:attachment":[{"href":"https:\/\/zjarr.tv\/en\/wp-json\/wp\/v2\/media?parent=122281"}],"wp:term":[{"taxonomy":"category","embeddable":true,"href":"https:\/\/zjarr.tv\/en\/wp-json\/wp\/v2\/categories?post=122281"},{"taxonomy":"post_tag","embeddable":true,"href":"https:\/\/zjarr.tv\/en\/wp-json\/wp\/v2\/tags?post=122281"}],"curies":[{"name":"wp","href":"https:\/\/api.w.org\/{rel}","templated":true}]}}