{"id":122284,"date":"2020-02-18T15:19:14","date_gmt":"2020-02-18T14:19:14","guid":{"rendered":"https:\/\/zjarr.tv\/?p=122284"},"modified":"2020-02-18T15:19:14","modified_gmt":"2020-02-18T14:19:14","slug":"naftetaret-dhe-punonjesit-e-pocemit-vijojne-greven-e-urise-sakrifikojme-edhe-jeten","status":"publish","type":"post","link":"https:\/\/zjarr.tv\/en\/naftetaret-dhe-punonjesit-e-pocemit-vijojne-greven-e-urise-sakrifikojme-edhe-jeten\/","title":{"rendered":"Naft\u00ebtar\u00ebt dhe punonj\u00ebsit e Po\u00e7emit vijojn\u00eb grev\u00ebn e uris\u00eb: Sakrifikojm\u00eb edhe jet\u00ebn"},"content":{"rendered":"<p>N\u00eb dit\u00ebn e 6 t\u00eb grev\u00ebs s\u00eb uris\u00eb p\u00ebr 27 pagat e prapambetura, dy nga punonj\u00ebsit e n\u00ebnstacionit t\u00eb Po\u00e7emit kishin t\u00eb domosdosh\u00ebm serumin.<\/p>\n<p>Por pavar\u00ebsisht p\u00ebrkeq\u00ebsimit t\u00eb gjendjes sh\u00ebndet\u00ebsore, jan\u00eb t\u00eb vendosur ti shkojn\u00eb deri n\u00eb fund, duke sakrifikuar edhe jet\u00ebn.<\/p>\n<p>thon\u00eb se k\u00ebrkojn\u00eb vet\u00ebm drejt\u00ebsin\u00eb e tyre q\u00eb u \u00e7on buk\u00eb familjeve. ndaj nuk ka kthim pas!<\/p>\n<div id=\"rekl-13\">\n<div id=\"__sap-ad-15\" class=\"__sap-ads __sap-html tracked\" data-title=\"Credins desktop Brenda lajmit 08\"><\/div>\n<\/div>\n<p>\u201cKemi 27 rroga pa marr\u00eb, askush nuk \u00ebsht\u00eb kujtuar p\u00ebr ne. ne do t\u2019i shkojm\u00eb deri n\u00eb fund k\u00ebsaj greve.\u201d<\/p>\n<p>problemi i mospages\u00ebs \u00ebsht\u00eb i vjet\u00ebr dhe i njohur p\u00ebr t\u00eb gjith\u00eb. por teknik\u00ebt e po\u00e7emit thon\u00eb se vet\u00ebm shteti q\u00eb duhet t\u00eb nd\u00ebrhyj\u00eb p\u00ebr zgjidhje, nuk po reagon.<\/p>\n<p>\u201cSe hajdut\u00ebria dhe makut\u00ebria jan\u00eb dy motra shum\u00eb t\u00eb k\u00ebqija. kur k\u00ebto bashkohen na del qeveria.\u201d<\/p>\n<p>\u201cBorxhi ka kaluar 20 mln se me 4 student\u00eb nuk ia del po nuk more borxh.\u201d<\/p>\n<p>Asnj\u00eb reagim edhe p\u00ebr grev\u00ebn \u00a0naft\u00ebtar\u00ebve q\u00eb hyri n\u00eb dit\u00ebn e dyt\u00eb pran\u00eb uzin\u00ebs s\u00eb ballshit.<\/p>\n<p>N\u00eb ambientet e qendr\u00ebs sh\u00ebndet\u00ebsore ku jan\u00eb izoluar 10 burra, hyn\u00eb e dalin vet\u00ebm gazetar\u00ebt dhe familjar\u00eb.<\/p>\n<p>\u201cShtetar\u00ebt nuk kan\u00eb ardhur asnj\u00eb.\u201d<\/p>\n<p>Ashtu si koleg\u00ebt n\u00eb Po\u00e7em, edhe naft\u00ebtar\u00ebt e Ballshit thon\u00eb se nuk dalin pa marr\u00eb pagat dhe pa garantuar rinisjen e pun\u00ebs.<\/p>\n<p>\u201cK\u00ebrkojm\u00eb pagat e prapambetura dhe vazhdim\u00ebsin\u00eb e pun\u00ebs. n\u00eb t\u00eb kund\u00ebrt nuk dalim t\u00eb gjall\u00eb nga k\u00ebtu.\u201d<\/p>\n<p>Por n\u00eb rast se reagimi do t\u00eb vonoj\u00eb, thon\u00eb se do t\u00eb p\u00ebrshkall\u00ebzojn\u00eb edhe format e grev\u00ebs.<\/p>\n<p>\u201cNe mendojm\u00eb t\u00eb futemi n\u00eb uzin\u00eb, secili n\u00eb vendin e tyre dhe at\u00eb do quajm\u00eb grev\u00eb.\u201d<\/p>\n<p>Jan\u00eb mbi 850 punonj\u00ebs t\u00eb uzin\u00ebs s\u00eb Ballshit q\u00eb nuk kan\u00eb mbetur t\u00eb papun\u00eb dhe nuk paguhen prej disa muajsh pasi rafineria ka pezulluar pun\u00ebn.<\/p>","protected":false},"excerpt":{"rendered":"<p>N\u00eb dit\u00ebn e 6 t\u00eb grev\u00ebs s\u00eb uris\u00eb p\u00ebr 27 pagat e prapambetura, dy nga punonj\u00ebsit e n\u00ebnstacionit t\u00eb Po\u00e7emit kishin t\u00eb domosdosh\u00ebm serumin. Por pavar\u00ebsisht p\u00ebrkeq\u00ebsimit t\u00eb gjendjes sh\u00ebndet\u00ebsore, jan\u00eb t\u00eb vendosur ti shkojn\u00eb deri n\u00eb fund, duke sakrifikuar edhe jet\u00ebn. thon\u00eb se k\u00ebrkojn\u00eb vet\u00ebm drejt\u00ebsin\u00eb e tyre q\u00eb u \u00e7on buk\u00eb familjeve. ndaj [&hellip;]<\/p>\n","protected":false},"author":2013,"featured_media":122285,"comment_status":"open","ping_status":"closed","sticky":false,"template":"","format":"standard","meta":{"footnotes":""},"categories":[241,235],"tags":[],"class_list":{"0":"post-122284","1":"post","2":"type-post","3":"status-publish","4":"format-standard","5":"has-post-thumbnail","7":"category-aktualitet","8":"category-vendi"},"_links":{"self":[{"href":"https:\/\/zjarr.tv\/en\/wp-json\/wp\/v2\/posts\/122284","targetHints":{"allow":["GET"]}}],"collection":[{"href":"https:\/\/zjarr.tv\/en\/wp-json\/wp\/v2\/posts"}],"about":[{"href":"https:\/\/zjarr.tv\/en\/wp-json\/wp\/v2\/types\/post"}],"author":[{"embeddable":true,"href":"https:\/\/zjarr.tv\/en\/wp-json\/wp\/v2\/users\/2013"}],"replies":[{"embeddable":true,"href":"https:\/\/zjarr.tv\/en\/wp-json\/wp\/v2\/comments?post=122284"}],"version-history":[{"count":0,"href":"https:\/\/zjarr.tv\/en\/wp-json\/wp\/v2\/posts\/122284\/revisions"}],"wp:featuredmedia":[{"embeddable":true,"href":"https:\/\/zjarr.tv\/en\/wp-json\/wp\/v2\/media\/122285"}],"wp:attachment":[{"href":"https:\/\/zjarr.tv\/en\/wp-json\/wp\/v2\/media?parent=122284"}],"wp:term":[{"taxonomy":"category","embeddable":true,"href":"https:\/\/zjarr.tv\/en\/wp-json\/wp\/v2\/categories?post=122284"},{"taxonomy":"post_tag","embeddable":true,"href":"https:\/\/zjarr.tv\/en\/wp-json\/wp\/v2\/tags?post=122284"}],"curies":[{"name":"wp","href":"https:\/\/api.w.org\/{rel}","templated":true}]}}