{"id":122289,"date":"2020-02-18T15:22:11","date_gmt":"2020-02-18T14:22:11","guid":{"rendered":"https:\/\/zjarr.tv\/?p=122289"},"modified":"2020-02-18T15:22:11","modified_gmt":"2020-02-18T14:22:11","slug":"presidenti-meta-con-ne-spak-ardian-dvoranin","status":"publish","type":"post","link":"https:\/\/zjarr.tv\/en\/presidenti-meta-con-ne-spak-ardian-dvoranin\/","title":{"rendered":"Presidenti Meta \u00e7on n\u00eb SPAK, Ardian Dvoranin"},"content":{"rendered":"<div class=\"readmore-text-here\">\n<p>Presidenti i Republik\u00ebs Ilir Meta njoftoi para pak minutash, se sapo firmosi shtes\u00ebn n\u00eb kall\u00ebzimin penal ndaj Kryetarit t\u00eb KED, Ardian Dvoranit. Me an\u00eb t\u00eb nj\u00eb mesazhi n\u00eb Fb, Meta iu drejtohet qytetar\u00ebve:<\/p>\n<p>&#8220;T\u00eb dashur qytetar\u00eb,<\/p>\n<p>Pasi u njoha me provat e reja trondit\u00ebse t\u00eb angazhimit t\u00eb tij n\u00eb grushtin e shtetit, sapo kam firmosur shtes\u00ebn n\u00eb kall\u00ebzimin penal ndaj z.Ardian Dvorani.<\/p>\n<p>Fakte t\u00eb reja pritet t\u00eb dalin n\u00eb drit\u00eb edhe p\u00ebr persona t\u00eb tjer\u00eb t\u00eb implikuar n\u00eb grushtin e shtetit, t\u00eb cil\u00ebt nuk do munden t\u2019i shmangen p\u00ebrgjegj\u00ebsis\u00eb p\u00ebr<\/p>\n<p>konsumimin e veprave t\u00eb r\u00ebnda penale. Ju garantoj se grushti i shtetit do t\u00eb shpartallohet n\u00eb m\u00ebnyr\u00ebn m\u00eb shembullore!&#8221;<\/p>\n<p><strong>NJOFTIMI I PLOT\u00cb I PRESIDENC\u00cbS:<\/strong><\/p>\n<p>Presidenti Meta dor\u00ebzon n\u00eb Prokurorin\u00eb e Posa\u00e7me Antikorrupsion (SPAK) kall\u00ebzimin penal shtes\u00eb ndaj z. Ardian Dvorani<\/p>\n<p>Kall\u00ebzimi penal shtes\u00eb ndaj z. Ardian Dvorani.<\/p>\n<p>Provat shtes\u00eb:<\/p>\n<p>1. Kryetari i Kuvendit i k\u00ebrkon informacion KED<\/p>\n<p>2. Kryetari i KED i pergjigjet Kryetarit t\u00eb Kuvendit<\/p>\n<\/div>","protected":false},"excerpt":{"rendered":"<p>Presidenti i Republik\u00ebs Ilir Meta njoftoi para pak minutash, se sapo firmosi shtes\u00ebn n\u00eb kall\u00ebzimin penal ndaj Kryetarit t\u00eb KED, Ardian Dvoranit. Me an\u00eb t\u00eb nj\u00eb mesazhi n\u00eb Fb, Meta iu drejtohet qytetar\u00ebve: &#8220;T\u00eb dashur qytetar\u00eb, Pasi u njoha me provat e reja trondit\u00ebse t\u00eb angazhimit t\u00eb tij n\u00eb grushtin e shtetit, sapo kam firmosur [&hellip;]<\/p>\n","protected":false},"author":2013,"featured_media":115193,"comment_status":"open","ping_status":"closed","sticky":false,"template":"","format":"standard","meta":{"footnotes":""},"categories":[241,235],"tags":[],"class_list":{"0":"post-122289","1":"post","2":"type-post","3":"status-publish","4":"format-standard","5":"has-post-thumbnail","7":"category-aktualitet","8":"category-vendi"},"_links":{"self":[{"href":"https:\/\/zjarr.tv\/en\/wp-json\/wp\/v2\/posts\/122289","targetHints":{"allow":["GET"]}}],"collection":[{"href":"https:\/\/zjarr.tv\/en\/wp-json\/wp\/v2\/posts"}],"about":[{"href":"https:\/\/zjarr.tv\/en\/wp-json\/wp\/v2\/types\/post"}],"author":[{"embeddable":true,"href":"https:\/\/zjarr.tv\/en\/wp-json\/wp\/v2\/users\/2013"}],"replies":[{"embeddable":true,"href":"https:\/\/zjarr.tv\/en\/wp-json\/wp\/v2\/comments?post=122289"}],"version-history":[{"count":0,"href":"https:\/\/zjarr.tv\/en\/wp-json\/wp\/v2\/posts\/122289\/revisions"}],"wp:featuredmedia":[{"embeddable":true,"href":"https:\/\/zjarr.tv\/en\/wp-json\/wp\/v2\/media\/115193"}],"wp:attachment":[{"href":"https:\/\/zjarr.tv\/en\/wp-json\/wp\/v2\/media?parent=122289"}],"wp:term":[{"taxonomy":"category","embeddable":true,"href":"https:\/\/zjarr.tv\/en\/wp-json\/wp\/v2\/categories?post=122289"},{"taxonomy":"post_tag","embeddable":true,"href":"https:\/\/zjarr.tv\/en\/wp-json\/wp\/v2\/tags?post=122289"}],"curies":[{"name":"wp","href":"https:\/\/api.w.org\/{rel}","templated":true}]}}