{"id":122296,"date":"2020-02-18T15:25:20","date_gmt":"2020-02-18T14:25:20","guid":{"rendered":"https:\/\/zjarr.tv\/?p=122296"},"modified":"2020-02-18T15:25:20","modified_gmt":"2020-02-18T14:25:20","slug":"gjykata-e-tiranes-kalon-per-gjykim-ish-kryebashkiakun-e-vores-agim-kajmaku","status":"publish","type":"post","link":"https:\/\/zjarr.tv\/en\/gjykata-e-tiranes-kalon-per-gjykim-ish-kryebashkiakun-e-vores-agim-kajmaku\/","title":{"rendered":"Gjykata e Tiran\u00ebs kalon p\u00ebr gjykim ish-kryebashkiakun e Vor\u00ebs Agim Kajmaku"},"content":{"rendered":"<p>Gjykata e Tiran\u00ebs kalon p\u00ebr gjykim ish-kryebashkiakun e Vor\u00ebs Agim Kajmaku. Shkak p\u00ebr shtyrjen e seanc\u00ebs disa dit\u00eb m\u00eb par\u00eb p\u00ebr dit\u00ebn e sotme u b\u00eb mungesa e gjyqtares Vjollca Spahiu, p\u00ebr shkaqe sh\u00ebndet\u00ebsore.Kajmaku u denoncua nga Partia Demokratike se kishte fshehur d\u00ebnimin n\u00eb Greqi.<\/p>\n<p>Prokuroria e akuzon kryebashkiakun p\u00ebr 3 vepra penale &#8220;Falsifikim i vulave, stampave ose formular\u00ebve&#8221;, Falsifikim i dokumenteve&#8221; dhe &#8220;kryerja e funksionit pas dh\u00ebnies fund t\u00eb detyr\u00ebs&#8221;.<\/p>\n<p>Prej pothuajse 6 muajsh, Agim Kajmaku \u00ebsht\u00eb n\u00eb arrati.<\/p>","protected":false},"excerpt":{"rendered":"<p>Gjykata e Tiran\u00ebs kalon p\u00ebr gjykim ish-kryebashkiakun e Vor\u00ebs Agim Kajmaku. Shkak p\u00ebr shtyrjen e seanc\u00ebs disa dit\u00eb m\u00eb par\u00eb p\u00ebr dit\u00ebn e sotme u b\u00eb mungesa e gjyqtares Vjollca Spahiu, p\u00ebr shkaqe sh\u00ebndet\u00ebsore.Kajmaku u denoncua nga Partia Demokratike se kishte fshehur d\u00ebnimin n\u00eb Greqi. Prokuroria e akuzon kryebashkiakun p\u00ebr 3 vepra penale &#8220;Falsifikim i [&hellip;]<\/p>\n","protected":false},"author":2013,"featured_media":102935,"comment_status":"open","ping_status":"closed","sticky":false,"template":"","format":"standard","meta":{"footnotes":""},"categories":[241,235],"tags":[],"class_list":{"0":"post-122296","1":"post","2":"type-post","3":"status-publish","4":"format-standard","5":"has-post-thumbnail","7":"category-aktualitet","8":"category-vendi"},"_links":{"self":[{"href":"https:\/\/zjarr.tv\/en\/wp-json\/wp\/v2\/posts\/122296","targetHints":{"allow":["GET"]}}],"collection":[{"href":"https:\/\/zjarr.tv\/en\/wp-json\/wp\/v2\/posts"}],"about":[{"href":"https:\/\/zjarr.tv\/en\/wp-json\/wp\/v2\/types\/post"}],"author":[{"embeddable":true,"href":"https:\/\/zjarr.tv\/en\/wp-json\/wp\/v2\/users\/2013"}],"replies":[{"embeddable":true,"href":"https:\/\/zjarr.tv\/en\/wp-json\/wp\/v2\/comments?post=122296"}],"version-history":[{"count":0,"href":"https:\/\/zjarr.tv\/en\/wp-json\/wp\/v2\/posts\/122296\/revisions"}],"wp:featuredmedia":[{"embeddable":true,"href":"https:\/\/zjarr.tv\/en\/wp-json\/wp\/v2\/media\/102935"}],"wp:attachment":[{"href":"https:\/\/zjarr.tv\/en\/wp-json\/wp\/v2\/media?parent=122296"}],"wp:term":[{"taxonomy":"category","embeddable":true,"href":"https:\/\/zjarr.tv\/en\/wp-json\/wp\/v2\/categories?post=122296"},{"taxonomy":"post_tag","embeddable":true,"href":"https:\/\/zjarr.tv\/en\/wp-json\/wp\/v2\/tags?post=122296"}],"curies":[{"name":"wp","href":"https:\/\/api.w.org\/{rel}","templated":true}]}}