{"id":122298,"date":"2020-02-18T15:41:01","date_gmt":"2020-02-18T14:41:01","guid":{"rendered":"https:\/\/zjarr.tv\/?p=122298"},"modified":"2020-02-18T15:41:01","modified_gmt":"2020-02-18T14:41:01","slug":"greva-per-reformen-e-pensioneve-paralizon-greqine","status":"publish","type":"post","link":"https:\/\/zjarr.tv\/en\/greva-per-reformen-e-pensioneve-paralizon-greqine\/","title":{"rendered":"Greva p\u00ebr reform\u00ebn e pensioneve paralizon Greqin\u00eb"},"content":{"rendered":"<p>Mij\u00ebra qytetar\u00eb t\u00eb Athin\u00ebs, Selanikut e m\u00eb gjer\u00eb kan\u00eb dal\u00eb n\u00eb grev\u00eb kund\u00ebr nj\u00eb propozimi p\u00ebr reformimin e sistemit t\u00eb pensioneve dhe sigurimeve.<\/p>\n<p>Nj\u00eb grev\u00eb 24-or\u00ebshe paralizoi t\u00eb mart\u00ebn transportin hekurudhor, at\u00eb publik dhe sh\u00ebrbimet bashkiake n\u00eb kryeqytetin e Greqis\u00eb.<\/p>\n<p>T\u00eb pakt\u00ebn 10 mij\u00eb qytetar\u00eb demonstruan n\u00eb shesh n\u00eb mb\u00ebshtetje t\u00eb Sindikat\u00ebs s\u00eb Punonj\u00ebsve Civil\u00eb, spitalet reduktuan stafet nd\u00ebrsa terminalet n\u00eb portet e Pireusit, Lavrios dhe Rafin\u00ebs u mbyll\u00ebn. Protestat u zhvilluan edhe n\u00eb Selanik e n\u00eb qytetet m\u00eb t\u00eb m\u00ebdha.<\/p>\n<p>Aksioni pason propozimin e qeveris\u00eb s\u00eb kryeministrit konservator Qirjakos Micotaqis p\u00ebr t\u00eb reformuar sistemin e pensioneve dhe t\u00eb sigurimeve sociale. Votimi n\u00eb parlament \u00ebsht\u00eb planifikuar t\u00eb premten.<\/p>\n<p>N\u00ebse nisma kalon, forca pun\u00ebtore e vendit pritet t\u00eb q\u00ebndroj\u00eb m\u00eb gjat\u00eb n\u00eb sh\u00ebrbim por edhe t\u00eb derdh\u00eb m\u00eb pak kontribute n\u00eb sistem.<\/p>\n<p>Kund\u00ebrshtar\u00ebt shprehen se ligji \u00ebsht\u00eb nj\u00eb vazhdim i politikave t\u00eb shtr\u00ebngimit ekonomik t\u00eb zbatuara p\u00ebr afro nj\u00eb dekad\u00eb n\u00eb vitet 2010, kur Greqia do i drejtohej BE-s\u00eb dhe FMN-s\u00eb p\u00ebr t\u00eb evituar falimentimin.<\/p>\n<p>Ministria greke e pun\u00ebs thot\u00eb se ligji i ri e b\u00ebn m\u00eb t\u00eb menaxhuesh\u00ebm sistemin e pensioneve brenda vitit 2070, dhe parashikon rritje pensioni dhe penalitete m\u00eb t\u00eb ul\u00ebta p\u00ebr ata q\u00eb zgjedhin t\u00eb vazhdojn\u00eb pun\u00ebn pas pensionit.<\/p>","protected":false},"excerpt":{"rendered":"<p>Mij\u00ebra qytetar\u00eb t\u00eb Athin\u00ebs, Selanikut e m\u00eb gjer\u00eb kan\u00eb dal\u00eb n\u00eb grev\u00eb kund\u00ebr nj\u00eb propozimi p\u00ebr reformimin e sistemit t\u00eb pensioneve dhe sigurimeve. Nj\u00eb grev\u00eb 24-or\u00ebshe paralizoi t\u00eb mart\u00ebn transportin hekurudhor, at\u00eb publik dhe sh\u00ebrbimet bashkiake n\u00eb kryeqytetin e Greqis\u00eb. T\u00eb pakt\u00ebn 10 mij\u00eb qytetar\u00eb demonstruan n\u00eb shesh n\u00eb mb\u00ebshtetje t\u00eb Sindikat\u00ebs s\u00eb Punonj\u00ebsve Civil\u00eb, [&hellip;]<\/p>\n","protected":false},"author":2013,"featured_media":122299,"comment_status":"open","ping_status":"closed","sticky":false,"template":"","format":"standard","meta":{"footnotes":""},"categories":[241,235],"tags":[],"class_list":{"0":"post-122298","1":"post","2":"type-post","3":"status-publish","4":"format-standard","5":"has-post-thumbnail","7":"category-aktualitet","8":"category-vendi"},"_links":{"self":[{"href":"https:\/\/zjarr.tv\/en\/wp-json\/wp\/v2\/posts\/122298","targetHints":{"allow":["GET"]}}],"collection":[{"href":"https:\/\/zjarr.tv\/en\/wp-json\/wp\/v2\/posts"}],"about":[{"href":"https:\/\/zjarr.tv\/en\/wp-json\/wp\/v2\/types\/post"}],"author":[{"embeddable":true,"href":"https:\/\/zjarr.tv\/en\/wp-json\/wp\/v2\/users\/2013"}],"replies":[{"embeddable":true,"href":"https:\/\/zjarr.tv\/en\/wp-json\/wp\/v2\/comments?post=122298"}],"version-history":[{"count":0,"href":"https:\/\/zjarr.tv\/en\/wp-json\/wp\/v2\/posts\/122298\/revisions"}],"wp:featuredmedia":[{"embeddable":true,"href":"https:\/\/zjarr.tv\/en\/wp-json\/wp\/v2\/media\/122299"}],"wp:attachment":[{"href":"https:\/\/zjarr.tv\/en\/wp-json\/wp\/v2\/media?parent=122298"}],"wp:term":[{"taxonomy":"category","embeddable":true,"href":"https:\/\/zjarr.tv\/en\/wp-json\/wp\/v2\/categories?post=122298"},{"taxonomy":"post_tag","embeddable":true,"href":"https:\/\/zjarr.tv\/en\/wp-json\/wp\/v2\/tags?post=122298"}],"curies":[{"name":"wp","href":"https:\/\/api.w.org\/{rel}","templated":true}]}}