{"id":122301,"date":"2020-02-18T15:42:24","date_gmt":"2020-02-18T14:42:24","guid":{"rendered":"https:\/\/zjarr.tv\/?p=122301"},"modified":"2020-02-18T15:42:24","modified_gmt":"2020-02-18T14:42:24","slug":"sherr-me-arme-e-sende-te-forta-mes-dy-grupeve-ne-vore","status":"publish","type":"post","link":"https:\/\/zjarr.tv\/en\/sherr-me-arme-e-sende-te-forta-mes-dy-grupeve-ne-vore\/","title":{"rendered":"Sherr me arm\u00eb e sende t\u00eb forta mes dy grupeve n\u00eb Vor\u00eb"},"content":{"rendered":"<p>Policia ka arrestuar tre t\u00eb rinj n\u00eb Vor\u00eb, pasi jan\u00eb konfliktuar me nj\u00eb grup tjet\u00ebr personash, duke p\u00ebrdorur arm\u00eb dhe sende t\u00eb forta.<\/p>\n<p>Sipas uniformave blu, n\u00eb pranga kan\u00eb r\u00ebn\u00eb 28-vje\u00e7ari L. B., 29-vje\u00e7ari A. E. dhe 32-vje\u00e7ari G. Sh, t\u00eb tre banues n\u00eb Vor\u00eb, pasi iu kan\u00eb prit\u00eb tre personave t\u00eb tjer\u00eb, duke i goditur me sende t\u00eb forta.<\/p>\n<p>Nd\u00ebrkoh\u00eb, sipas policis\u00eb, gjat\u00eb sherrit nj\u00ebri prej t\u00eb rinjve ka q\u00eblluar edhe me arm\u00eb zjarri, por q\u00eb fatmir\u00ebsisht pa pasoja t\u00eb r\u00ebnda n\u00eb njer\u00ebz.<\/p>\n<p><strong>Njoftimi i policis\u00eb:<\/strong><\/p>\n<p>Vor\u00eb, Tiran\u00eb<\/p>\n<p>Policia parandalon p\u00ebrshkall\u00ebzimin e m\u00ebtejsh\u00ebm t\u00eb nj\u00eb konfikti mes disa personave.<\/p>\n<p>Nj\u00ebri prej tyre q\u00eblloi me arm\u00eb zjarri, nd\u00ebrsa dy p\u00ebrdor\u00ebn sende t\u00eb forta gjat\u00eb konfliktit, arrestohen t\u00eb tre n\u00eb flagranc\u00eb.<\/p>\n<p>Sekuestrohet n\u00eb cil\u00ebsin\u00eb e proves materiale 1 arm\u00eb luftarake pistolet\u00eb, fishek\u00eb luftarak, si dhe nj\u00eb shuf\u00ebr metalike .<\/p>\n<p>Specialist\u00ebt p\u00ebr Hetimin e Krimit n\u00eb Komisariatin e Policis\u00eb Vor\u00eb, pas njoftimit t\u00eb marr\u00eb p\u00ebr nj\u00eb konflikt t\u00eb \u00e7astit n\u00eb rrug\u00ebn \u201cRinia\u201d, ku disa persona ishin konfliktuar me nj\u00ebri \u2013 tjetrin dhe nj\u00ebri prej tyre kishte q\u00eblluar me arm\u00eb zjarri, kan\u00eb b\u00ebr\u00eb t\u00eb mundur kapjen dhe prangosjen e shtetasit n\u00eb tentativ\u00eb p\u00ebr t\u2019u larguar, duke mos iu bindur urdhrit t\u00eb Policis\u00eb p\u00ebr t\u00eb ndaluar, konkretisht:<\/p>\n<p>L. B., 28 vje\u00e7, banues n\u00eb Vor\u00eb, i cili u arrestua p\u00ebr veprat penale \u201cArm\u00ebmbajtja pa leje\u201d dhe \u201cMosbindja ndaj urdhrit t\u00eb punonj\u00ebsit t\u00eb policis\u00eb s\u00eb rendit publik\u201d.<\/p>\n<p>Arrestimi i tij u krye, pasi ky shtetas, n\u00eb bashk\u00ebpunim edhe me shtetasit A. E. dhe G. SH, n\u00eb rrug\u00ebn\u201d Rinia\u201d, n\u00eb Vor\u00eb, kan\u00eb goditur me sende t\u00eb forta shtetasit B. T., E. T. dhe R. T.<\/p>\n<p>N\u00eb p\u00ebrfundim t\u00eb veprimi u b\u00eb arrestimi n\u00eb flagranc\u00eb edhe i shtetasve:<\/p>\n<p>A.E., 29 vje\u00e7, banues n\u00eb Vor\u00eb, p\u00ebr veprat penale \u201cProdhimi, mbajtja, blerja apo shitja pa leje e arm\u00ebve t\u00eb ftohta\u201c dhe \u201cPlagosja e lehte me dashje\u201d;<\/p>\n<p>G. SH., 32 vje\u00e7, banues n\u00eb Vor\u00eb, i cili u arrestua p\u00ebr veprat penale \u201cProdhimi, mbajtja, blerja apo shitja pa leje e arm\u00ebve t\u00eb ftohta\u201c dhe \u201cPlagosja e leht\u00eb me dashje\u201d.<\/p>\n<p>Materialet i kaluan Prokuroris\u00eb s\u00eb Rrethit Gjyq\u00ebsor Tiran\u00eb, p\u00ebr veprime t\u00eb m\u00ebtejshme.<\/p>\n<figure id=\"attachment_1236816\" class=\"wp-caption alignnone\"><a href=\"https:\/\/www.balkanweb.com\/wp-content\/uploads\/2020\/02\/f60d07bc-baf3-42a6-a73e-fb132a30df6f-600x338.jpg\" rel=\"lightbox\"><img loading=\"lazy\" decoding=\"async\" class=\"size-large wp-image-1236816\" src=\"https:\/\/www.balkanweb.com\/wp-content\/uploads\/2020\/02\/f60d07bc-baf3-42a6-a73e-fb132a30df6f-600x338.jpg\" sizes=\"auto, (max-width: 600px) 100vw, 600px\" srcset=\"https:\/\/www.balkanweb.com\/wp-content\/uploads\/2020\/02\/f60d07bc-baf3-42a6-a73e-fb132a30df6f-600x338.jpg 600w, https:\/\/www.balkanweb.com\/wp-content\/uploads\/2020\/02\/f60d07bc-baf3-42a6-a73e-fb132a30df6f-400x225.jpg 400w, https:\/\/www.balkanweb.com\/wp-content\/uploads\/2020\/02\/f60d07bc-baf3-42a6-a73e-fb132a30df6f-768x432.jpg 768w, https:\/\/www.balkanweb.com\/wp-content\/uploads\/2020\/02\/f60d07bc-baf3-42a6-a73e-fb132a30df6f-370x208.jpg 370w, https:\/\/www.balkanweb.com\/wp-content\/uploads\/2020\/02\/f60d07bc-baf3-42a6-a73e-fb132a30df6f-113x64.jpg 113w, https:\/\/www.balkanweb.com\/wp-content\/uploads\/2020\/02\/f60d07bc-baf3-42a6-a73e-fb132a30df6f-770x433.jpg 770w, https:\/\/www.balkanweb.com\/wp-content\/uploads\/2020\/02\/f60d07bc-baf3-42a6-a73e-fb132a30df6f.jpg 1280w\" alt=\"F60d07bc Baf3 42a6 A73e Fb132a30df6f\" width=\"600\" height=\"338\" \/><\/a><\/figure>","protected":false},"excerpt":{"rendered":"<p>Policia ka arrestuar tre t\u00eb rinj n\u00eb Vor\u00eb, pasi jan\u00eb konfliktuar me nj\u00eb grup tjet\u00ebr personash, duke p\u00ebrdorur arm\u00eb dhe sende t\u00eb forta. Sipas uniformave blu, n\u00eb pranga kan\u00eb r\u00ebn\u00eb 28-vje\u00e7ari L. B., 29-vje\u00e7ari A. E. dhe 32-vje\u00e7ari G. Sh, t\u00eb tre banues n\u00eb Vor\u00eb, pasi iu kan\u00eb prit\u00eb tre personave t\u00eb tjer\u00eb, duke i [&hellip;]<\/p>\n","protected":false},"author":2013,"featured_media":38161,"comment_status":"open","ping_status":"closed","sticky":false,"template":"","format":"standard","meta":{"footnotes":""},"categories":[241,235],"tags":[],"class_list":{"0":"post-122301","1":"post","2":"type-post","3":"status-publish","4":"format-standard","5":"has-post-thumbnail","7":"category-aktualitet","8":"category-vendi"},"_links":{"self":[{"href":"https:\/\/zjarr.tv\/en\/wp-json\/wp\/v2\/posts\/122301","targetHints":{"allow":["GET"]}}],"collection":[{"href":"https:\/\/zjarr.tv\/en\/wp-json\/wp\/v2\/posts"}],"about":[{"href":"https:\/\/zjarr.tv\/en\/wp-json\/wp\/v2\/types\/post"}],"author":[{"embeddable":true,"href":"https:\/\/zjarr.tv\/en\/wp-json\/wp\/v2\/users\/2013"}],"replies":[{"embeddable":true,"href":"https:\/\/zjarr.tv\/en\/wp-json\/wp\/v2\/comments?post=122301"}],"version-history":[{"count":0,"href":"https:\/\/zjarr.tv\/en\/wp-json\/wp\/v2\/posts\/122301\/revisions"}],"wp:featuredmedia":[{"embeddable":true,"href":"https:\/\/zjarr.tv\/en\/wp-json\/wp\/v2\/media\/38161"}],"wp:attachment":[{"href":"https:\/\/zjarr.tv\/en\/wp-json\/wp\/v2\/media?parent=122301"}],"wp:term":[{"taxonomy":"category","embeddable":true,"href":"https:\/\/zjarr.tv\/en\/wp-json\/wp\/v2\/categories?post=122301"},{"taxonomy":"post_tag","embeddable":true,"href":"https:\/\/zjarr.tv\/en\/wp-json\/wp\/v2\/tags?post=122301"}],"curies":[{"name":"wp","href":"https:\/\/api.w.org\/{rel}","templated":true}]}}