{"id":122303,"date":"2020-02-18T15:55:24","date_gmt":"2020-02-18T14:55:24","guid":{"rendered":"https:\/\/zjarr.tv\/?p=122303"},"modified":"2020-02-18T15:55:24","modified_gmt":"2020-02-18T14:55:24","slug":"ishte-kthyer-ne-makthin-e-qytetareve-te-tiranes-kapet-hajduti-i-tmerrshem","status":"publish","type":"post","link":"https:\/\/zjarr.tv\/en\/ishte-kthyer-ne-makthin-e-qytetareve-te-tiranes-kapet-hajduti-i-tmerrshem\/","title":{"rendered":"Ishte kthyer n\u00eb makthin e qytetar\u00ebve t\u00eb Tiran\u00ebs, kapet hajduti i tmerrsh\u00ebm"},"content":{"rendered":"<p>Nj\u00eb 37-vje\u00e7ar \u00ebsht\u00eb arrestuar nga Policia e Tiran\u00ebs, pasi akuzohet p\u00ebr vjedhjen e disa banesave.<\/p>\n<p>N\u00eb pranga ka r\u00ebn\u00eb shtetasi\u00a0B. \u00c7., 37 vje\u00e7, banues n\u00eb Babrru\/Tiran\u00eb, i cili rezulton t\u00eb ket\u00eb qen\u00eb d\u00ebnuar edhe m\u00eb par\u00eb po p\u00ebr vjedhje. N\u00eb momentin e ndalit, hajdutit t\u00eb rreziksh\u00ebm i \u00ebsht\u00eb sekuestruar nj\u00eb \u00e7ant\u00eb shpine, n\u00eb t\u00eb cil\u00ebn mbante disa prej sendeve t\u00eb vjedhura.<\/p>\n<p><strong>Njoftimi i policis\u00eb:<\/strong><\/p>\n<p>Tiran\u00eb<\/p>\n<p>Kapet dhe arrestohet nga sh\u00ebrbimet e Komisariatit t\u00eb Policis\u00eb Nr.1 , nj\u00eb 37-vje\u00e7ar q\u00eb kryente vjedhje banesash.<\/p>\n<p>37-vje\u00e7ari i kapur n\u00eb flagranc\u00eb me precedent\u00eb t\u00eb m\u00ebparsh\u00ebm penal.<\/p>\n<p>Zbardhen dhe dokumentohen dhe tre raste t\u00eb tjera t\u00eb vjedhjes n\u00eb banesa t\u00eb kryera gjat\u00eb vitit 2019 po nga ky shtetas.<\/p>\n<p>N\u00eb vijim t\u00eb pun\u00ebs p\u00ebr parandalimin e vjedhjeve, zbardhjen e atyre t\u00eb ndodhura m\u00eb par\u00eb si dhe p\u00ebr kapjen e v\u00ebnien para drejt\u00ebsis\u00eb t\u00eb autor\u00ebve, Specialist\u00ebt p\u00ebr Hetimin e Krimit n\u00eb Komisariatin e Policis\u00eb nr 1, si rezultat i pun\u00ebs hetimore t\u00eb kryer dhe informacioneve t\u00eb siguruara n\u00eb rrug\u00eb operative p\u00ebr vendndodhjen e personit q\u00eb dyshohej si autor i vjedhjes s\u00eb banesave, b\u00ebn\u00eb t\u00eb mundur kapjen dhe ndalimin e shtetasit:<\/p>\n<p>\u2013\u00a0 . I d\u00ebnuar m\u00eb par\u00eb p\u00ebr \u201c Vjedhje\u201d.<\/p>\n<p>Nga t\u00ebr\u00ebsia e veprimeve hetimore t\u00eb kryera dyshohet se ky shtetas \u00ebsht\u00eb autor edhe i tre rasteve t\u00eb tjera t\u00eb vjedhjeve t\u00eb banesave t\u00eb ndodhura n\u00eb juridiksionin e Komisariatit t\u00eb Policis\u00eb Nr.1, gjat\u00eb vitit 2019.<\/p>\n<p>N\u00eb cil\u00ebsin\u00eb e prov\u00ebs materiale u sekuestrua nj\u00eb \u00e7ant\u00eb shpine me disa prej sende t\u00eb vjedhura.<\/p>\n<p>Materialet iu referuan p\u00ebr veprime t\u00eb m\u00ebtejshme Prokuroris\u00eb s\u00eb Rrethit Gjyq\u00ebsor Tiran\u00eb p\u00ebr vepr\u00ebn penale \u201cVjedhja\u201d.<\/p>","protected":false},"excerpt":{"rendered":"<p>Nj\u00eb 37-vje\u00e7ar \u00ebsht\u00eb arrestuar nga Policia e Tiran\u00ebs, pasi akuzohet p\u00ebr vjedhjen e disa banesave. N\u00eb pranga ka r\u00ebn\u00eb shtetasi\u00a0B. \u00c7., 37 vje\u00e7, banues n\u00eb Babrru\/Tiran\u00eb, i cili rezulton t\u00eb ket\u00eb qen\u00eb d\u00ebnuar edhe m\u00eb par\u00eb po p\u00ebr vjedhje. N\u00eb momentin e ndalit, hajdutit t\u00eb rreziksh\u00ebm i \u00ebsht\u00eb sekuestruar nj\u00eb \u00e7ant\u00eb shpine, n\u00eb t\u00eb cil\u00ebn [&hellip;]<\/p>\n","protected":false},"author":2013,"featured_media":0,"comment_status":"open","ping_status":"closed","sticky":false,"template":"","format":"standard","meta":{"footnotes":""},"categories":[241,235],"tags":[],"class_list":{"0":"post-122303","1":"post","2":"type-post","3":"status-publish","4":"format-standard","6":"category-aktualitet","7":"category-vendi"},"_links":{"self":[{"href":"https:\/\/zjarr.tv\/en\/wp-json\/wp\/v2\/posts\/122303","targetHints":{"allow":["GET"]}}],"collection":[{"href":"https:\/\/zjarr.tv\/en\/wp-json\/wp\/v2\/posts"}],"about":[{"href":"https:\/\/zjarr.tv\/en\/wp-json\/wp\/v2\/types\/post"}],"author":[{"embeddable":true,"href":"https:\/\/zjarr.tv\/en\/wp-json\/wp\/v2\/users\/2013"}],"replies":[{"embeddable":true,"href":"https:\/\/zjarr.tv\/en\/wp-json\/wp\/v2\/comments?post=122303"}],"version-history":[{"count":0,"href":"https:\/\/zjarr.tv\/en\/wp-json\/wp\/v2\/posts\/122303\/revisions"}],"wp:attachment":[{"href":"https:\/\/zjarr.tv\/en\/wp-json\/wp\/v2\/media?parent=122303"}],"wp:term":[{"taxonomy":"category","embeddable":true,"href":"https:\/\/zjarr.tv\/en\/wp-json\/wp\/v2\/categories?post=122303"},{"taxonomy":"post_tag","embeddable":true,"href":"https:\/\/zjarr.tv\/en\/wp-json\/wp\/v2\/tags?post=122303"}],"curies":[{"name":"wp","href":"https:\/\/api.w.org\/{rel}","templated":true}]}}