{"id":122307,"date":"2020-02-18T16:48:36","date_gmt":"2020-02-18T15:48:36","guid":{"rendered":"https:\/\/zjarr.tv\/?p=122307"},"modified":"2020-02-18T16:48:36","modified_gmt":"2020-02-18T15:48:36","slug":"azerbajxhani-premton-gjysme-milioni-euro-te-tjera-per-rikuperimin-e-termetit-ne-shqiperi","status":"publish","type":"post","link":"https:\/\/zjarr.tv\/en\/azerbajxhani-premton-gjysme-milioni-euro-te-tjera-per-rikuperimin-e-termetit-ne-shqiperi\/","title":{"rendered":"Azerbajxhani premton gjysm\u00eb milioni euro t\u00eb tjera p\u00ebr rikuperimin e t\u00ebrmetit n\u00eb Shqip\u00ebri"},"content":{"rendered":"<p>M\u00eb 17 shkurt, nj\u00eb delegacion i kryesuar nga Ministri i Pun\u00ebve t\u00eb Jashtme i Republik\u00ebs s\u00eb Azerbajxhanit Z. Elmar Mammadyarov mori pjes\u00eb n\u00eb Konferenc\u00ebn Nd\u00ebrkomb\u00ebtare t\u00eb Donator\u00ebve p\u00ebr Shqip\u00ebrin\u00eb n\u00eb Bruksel.<\/p>\n<p>Duke folur n\u00eb konferenc\u00eb, Ministri Elmar Mammadyarov vuri n\u00eb dukje se Shqip\u00ebria \u00ebsht\u00eb nj\u00eb partner shum\u00eb i r\u00ebnd\u00ebsish\u00ebm i Azerbajxhanit, dhe shembulli m\u00eb ilustrues i k\u00ebsaj jan\u00eb vizitat e shumta t\u00eb Kryeministrit t\u00eb Shqip\u00ebris\u00eb, Edi Rama, n\u00eb Baku duke zhvilluar takime me Presidentin e Republik\u00ebs s\u00eb Azerbajxhanit Ilham Aliyev dhe p\u00ebr t\u00eb leht\u00ebsuar Korridorin strategjik t\u00eb Gazit Jugor q\u00eb lidh rajonin Kaspik, n\u00eb ve\u00e7anti Azerbajxhanin me Gjeorgjin\u00eb, Turqin\u00eb, Greqin\u00eb, Shqip\u00ebrin\u00eb dhe mbaron n\u00eb Itali.<\/p>\n<p>Ministri Elmar Mammadyarov vuri n\u00eb dukje se Azerbajxhani ishte nd\u00ebr vendet e para q\u00eb dha ndihm\u00eb humanitare p\u00ebr Shqip\u00ebrin\u00eb, pas t\u00ebrmetit tragjik n\u00eb Shqip\u00ebri dhe se vendi yn\u00eb dha ndihm\u00eb p\u00ebr Shqip\u00ebrin\u00eb n\u00eb shum\u00ebn e gjysm\u00eb milioni euro. Ai solli n\u00eb v\u00ebmendjen e pjes\u00ebmarr\u00ebsve n\u00eb konferenc\u00eb nj\u00eb premtim t\u00eb ri prej gjysm\u00eb milioni eurosh t\u00eb tjera q\u00eb do t\u2019i jepen Qeveris\u00eb dhe popullit t\u00eb Shqip\u00ebris\u00eb.<\/p>","protected":false},"excerpt":{"rendered":"<p>M\u00eb 17 shkurt, nj\u00eb delegacion i kryesuar nga Ministri i Pun\u00ebve t\u00eb Jashtme i Republik\u00ebs s\u00eb Azerbajxhanit Z. Elmar Mammadyarov mori pjes\u00eb n\u00eb Konferenc\u00ebn Nd\u00ebrkomb\u00ebtare t\u00eb Donator\u00ebve p\u00ebr Shqip\u00ebrin\u00eb n\u00eb Bruksel. Duke folur n\u00eb konferenc\u00eb, Ministri Elmar Mammadyarov vuri n\u00eb dukje se Shqip\u00ebria \u00ebsht\u00eb nj\u00eb partner shum\u00eb i r\u00ebnd\u00ebsish\u00ebm i Azerbajxhanit, dhe shembulli m\u00eb ilustrues [&hellip;]<\/p>\n","protected":false},"author":2013,"featured_media":122308,"comment_status":"open","ping_status":"closed","sticky":false,"template":"","format":"standard","meta":{"footnotes":""},"categories":[241,235],"tags":[],"class_list":{"0":"post-122307","1":"post","2":"type-post","3":"status-publish","4":"format-standard","5":"has-post-thumbnail","7":"category-aktualitet","8":"category-vendi"},"_links":{"self":[{"href":"https:\/\/zjarr.tv\/en\/wp-json\/wp\/v2\/posts\/122307","targetHints":{"allow":["GET"]}}],"collection":[{"href":"https:\/\/zjarr.tv\/en\/wp-json\/wp\/v2\/posts"}],"about":[{"href":"https:\/\/zjarr.tv\/en\/wp-json\/wp\/v2\/types\/post"}],"author":[{"embeddable":true,"href":"https:\/\/zjarr.tv\/en\/wp-json\/wp\/v2\/users\/2013"}],"replies":[{"embeddable":true,"href":"https:\/\/zjarr.tv\/en\/wp-json\/wp\/v2\/comments?post=122307"}],"version-history":[{"count":0,"href":"https:\/\/zjarr.tv\/en\/wp-json\/wp\/v2\/posts\/122307\/revisions"}],"wp:featuredmedia":[{"embeddable":true,"href":"https:\/\/zjarr.tv\/en\/wp-json\/wp\/v2\/media\/122308"}],"wp:attachment":[{"href":"https:\/\/zjarr.tv\/en\/wp-json\/wp\/v2\/media?parent=122307"}],"wp:term":[{"taxonomy":"category","embeddable":true,"href":"https:\/\/zjarr.tv\/en\/wp-json\/wp\/v2\/categories?post=122307"},{"taxonomy":"post_tag","embeddable":true,"href":"https:\/\/zjarr.tv\/en\/wp-json\/wp\/v2\/tags?post=122307"}],"curies":[{"name":"wp","href":"https:\/\/api.w.org\/{rel}","templated":true}]}}