{"id":122316,"date":"2020-02-19T11:03:20","date_gmt":"2020-02-19T10:03:20","guid":{"rendered":"https:\/\/zjarr.tv\/?p=122316"},"modified":"2020-02-19T11:03:20","modified_gmt":"2020-02-19T10:03:20","slug":"prova-te-reja-per-grushtin-e-shtetit-presidenti-meta-ne-konference-ne-1230","status":"publish","type":"post","link":"https:\/\/zjarr.tv\/en\/prova-te-reja-per-grushtin-e-shtetit-presidenti-meta-ne-konference-ne-1230\/","title":{"rendered":"Prova t\u00eb reja p\u00ebr grushtin e shtetit, Presidenti Meta n\u00eb konferenc\u00eb n\u00eb 12:30"},"content":{"rendered":"<p>Presidenti i Republik\u00ebs, Ilir Meta do t\u00eb publikoj\u00eb prova t\u00eb reja, p\u00ebr at\u00eb q\u00eb ai e quan grushtin e shtetit.<\/p>\n<p>N\u00eb nj\u00eb njoftim, z\u00ebdh\u00ebn\u00ebsi Tedi Blushi thot\u00eb se presidenti i Republik\u00ebs Ilir Meta do t\u00eb jap\u00eb sot, n\u00eb ora 12:30 nj\u00eb konferenc\u00eb p\u00ebr shtyp.<\/p>\n<p>Nj\u00eb dit\u00eb m\u00eb par\u00eb, Presidenti Ilir Meta tha se pas Ardian Dvoranit, t\u00eb tjer\u00eb zyrtar\u00eb jan\u00eb implikuar n\u00eb grushtin e shtetit.<\/p>\n<p><strong>Kall\u00ebzimi shtes\u00eb ndaj Dvoranit<\/strong>-Ilir Meta ka dor\u00ebzuar n\u00eb Prokurorin\u00eb e Posa\u00e7me kall\u00ebzim shtes\u00eb ndaj kryetarit t\u00eb K\u00ebshillit t\u00eb Lart\u00eb t\u00eb Drejt\u00ebsis\u00eb, Ardian Dvorani.<\/p>\n<p>Kreu i Shtetit e akuzon kryetarin e KED p\u00ebr thellim t\u00eb veprave penale \u201cShp\u00ebrdorimit t\u00eb Detyr\u00ebs\u201d dhe \u201cP\u00ebrvet\u00ebsimi i titullit apo i detyr\u00ebs shtet\u00ebrore\u201d dhe p\u00ebr t\u00eb cilat paraqet disa prova shtes\u00eb q\u00eb sipas tij, faktojn\u00eb shkeljet e kryera n\u00eb procesin e em\u00ebrimeve t\u00eb an\u00ebtar\u00ebve t\u00eb Gjykat\u00ebs Kushtetuese.<\/p>\n<p>Presidenti Meta i referohet nj\u00eb korespondence zyrtare shkresore t\u00eb realizuar mes kreut t\u00eb KED dhe Kuvendit t\u00eb Shqip\u00ebris\u00eb ku Dvorani informon legjislativin mbi procesin e p\u00ebrzgjedhjes s\u00eb kandidat\u00ebve p\u00ebr an\u00ebtar t\u00eb Gjykat\u00ebs Kushtetuese.<\/p>","protected":false},"excerpt":{"rendered":"<p>Presidenti i Republik\u00ebs, Ilir Meta do t\u00eb publikoj\u00eb prova t\u00eb reja, p\u00ebr at\u00eb q\u00eb ai e quan grushtin e shtetit. N\u00eb nj\u00eb njoftim, z\u00ebdh\u00ebn\u00ebsi Tedi Blushi thot\u00eb se presidenti i Republik\u00ebs Ilir Meta do t\u00eb jap\u00eb sot, n\u00eb ora 12:30 nj\u00eb konferenc\u00eb p\u00ebr shtyp. Nj\u00eb dit\u00eb m\u00eb par\u00eb, Presidenti Ilir Meta tha se pas Ardian [&hellip;]<\/p>\n","protected":false},"author":2013,"featured_media":99906,"comment_status":"open","ping_status":"closed","sticky":false,"template":"","format":"standard","meta":{"footnotes":""},"categories":[241,235],"tags":[],"class_list":{"0":"post-122316","1":"post","2":"type-post","3":"status-publish","4":"format-standard","5":"has-post-thumbnail","7":"category-aktualitet","8":"category-vendi"},"_links":{"self":[{"href":"https:\/\/zjarr.tv\/en\/wp-json\/wp\/v2\/posts\/122316","targetHints":{"allow":["GET"]}}],"collection":[{"href":"https:\/\/zjarr.tv\/en\/wp-json\/wp\/v2\/posts"}],"about":[{"href":"https:\/\/zjarr.tv\/en\/wp-json\/wp\/v2\/types\/post"}],"author":[{"embeddable":true,"href":"https:\/\/zjarr.tv\/en\/wp-json\/wp\/v2\/users\/2013"}],"replies":[{"embeddable":true,"href":"https:\/\/zjarr.tv\/en\/wp-json\/wp\/v2\/comments?post=122316"}],"version-history":[{"count":0,"href":"https:\/\/zjarr.tv\/en\/wp-json\/wp\/v2\/posts\/122316\/revisions"}],"wp:featuredmedia":[{"embeddable":true,"href":"https:\/\/zjarr.tv\/en\/wp-json\/wp\/v2\/media\/99906"}],"wp:attachment":[{"href":"https:\/\/zjarr.tv\/en\/wp-json\/wp\/v2\/media?parent=122316"}],"wp:term":[{"taxonomy":"category","embeddable":true,"href":"https:\/\/zjarr.tv\/en\/wp-json\/wp\/v2\/categories?post=122316"},{"taxonomy":"post_tag","embeddable":true,"href":"https:\/\/zjarr.tv\/en\/wp-json\/wp\/v2\/tags?post=122316"}],"curies":[{"name":"wp","href":"https:\/\/api.w.org\/{rel}","templated":true}]}}