{"id":122321,"date":"2020-02-19T11:07:06","date_gmt":"2020-02-19T10:07:06","guid":{"rendered":"https:\/\/zjarr.tv\/?p=122321"},"modified":"2020-02-19T11:07:06","modified_gmt":"2020-02-19T10:07:06","slug":"presidenti-meta-publikon-shkrimin-e-profesor-paul-lendvai-ramen-mos-e-merrni-seriozisht","status":"publish","type":"post","link":"https:\/\/zjarr.tv\/en\/presidenti-meta-publikon-shkrimin-e-profesor-paul-lendvai-ramen-mos-e-merrni-seriozisht\/","title":{"rendered":"Presidenti Meta publikon shkrimin e Profesor Paul Lendvai: &#8220;Ram\u00ebn mos e merrni seriozisht&#8221;"},"content":{"rendered":"<p>Presidenti i Republik\u00ebs, Ilir Meta ka publikuar nj\u00eb shkrim t\u00eb Profesor Paul Lendavi, ku flet p\u00ebr Shqip\u00ebrin\u00eb. Nd\u00ebr t\u00eb tjera, Lendavi thot\u00eb se kryeministri i Shqip\u00ebris\u00eb, Edi Rama nuk duhet t\u00eb merret seriozisht.<\/p>\n<p>&#8220;M\u00eb shum\u00eb kujdes i duhet kushtuar ajo q\u00eb kritikohet si kapja e institucioneve t\u00eb drejt\u00ebsis\u00eb dhe ndikimi i hatash\u00ebm i karteleve t\u00eb drog\u00ebs n\u00eb Shqip\u00ebri&#8221;, shkruan profesori n\u00eb t\u00eb p\u00ebrditshmen austriake Der Standard, 18 shkurt 2020.<\/p>\n<p>________________________________________________<\/p>\n<p><em>Mos u impresiononi nga pikturat e tij por shikojini mir\u00eb ndikimin<br \/>\nShqiptar\u00ebt: forca e rezistenc\u00ebs s\u00eb popullit shqiptar kundra tendencave autoritare lipset t\u00eb gjej\u00eb mirekuptimin, ndihm\u00ebn e solidaritetin e komunitetit nd\u00ebrkomb\u00ebtar<br \/>\nNga Profesor Paul Lendvai<br \/>\nBotuar n\u00eb t\u00eb p\u00ebrditshmen austriake Der Standard, 18 shkurt 2020;<\/em><\/p>\n<p><em>Shqiptar\u00ebt ishin dhe jan\u00eb nj\u00eb element i paparashikuesh\u00ebm dhe i n\u00ebnvler\u00ebsuar n\u00eb politik\u00ebn ballkanike t\u00eb Bashkimit Europian dhe t\u00eb Fuqive t\u00eb M\u00ebdha. Duke par\u00eb vendndodhjen strategjikisht t\u00eb r\u00ebnd\u00ebsishme t\u00eb Shqip\u00ebris\u00eb, Kosov\u00ebs, e Maqedonis\u00eb s\u00eb Veriut, forca shp\u00ebrthyese e nacionalizmit shqiptar mbetet nj\u00eb faktor pasigurie i dor\u00ebs s\u00eb par\u00eb p\u00ebr shtetet fqinj\u00eb. Prandaj bllokimi i \u00e7eljes s\u00eb negociatave t\u00eb antar\u00ebsimit n\u00eb BE shkaktoi shqet\u00ebsime t\u00eb justifikuara n\u00eb rajon.<br \/>\nN\u00eb Kosov\u00eb s\u00eb fundmi Albin Kurti mori ofiqin e kryeministrit. 44-vje\u00e7ari, dikur radikal i majt\u00eb e rebel nacionalist premton tashti nj\u00eb kurs t\u00eb moderuar por pa kompromise n\u00eb \u00e7eshtjet themelore. T\u00eb t\u00ebr\u00eb v\u00ebzhguesit e informuar theksojn\u00eb nj\u00ebz\u00ebri reputacionin e tij si i pakorruptuesh\u00ebm. Sidoqoft\u00eb duhet pritur p\u00ebr t\u00eb par\u00eb sa do t\u00eb zgjas\u00eb e premtuara &#8220;Epok\u00eb e Re&#8221;. E sigurt \u00ebsht\u00eb q\u00eb n\u00eb Kosov\u00eb dhe n\u00eb Shqip\u00ebrin\u00eb fqinje politika nuk merret me nostalgjin\u00eb e &#8220;Shqip\u00ebris\u00eb s\u00eb Madhe&#8221; por me luft\u00ebn p\u00ebr shtetin ligjor e kund\u00ebr korrupsionit.<br \/>\nBisedat e mija n\u00eb Tiran\u00eb e n\u00eb qytete t\u00eb tjera t\u00eb Shqip\u00ebris\u00eb m\u00eb lan\u00eb p\u00ebrshtypjen e nj\u00eb shteti t\u00eb brisht\u00eb.<br \/>\nKryeministri Edi Rama, i cili qeveris prej gjasht\u00eb vitesh, nj\u00eb piktor i njohur mori em\u00ebr n\u00eb saj\u00eb t\u00eb rrjeti nd\u00ebrkomb\u00ebtar t\u00eb artist\u00ebve dhe retorik\u00ebs s\u00eb tij. Tonet e tija her\u00eb pas here nacionaliste ( ai propozoi dikur nj\u00eb president p\u00ebr Shqip\u00ebrin\u00eb e Kosov\u00ebn) nuk duhet marr\u00eb seriozisht. M\u00eb shum\u00eb kujdes i duhet kushtuar ajo q\u00eb kritikohet si kapja e institucioneve t\u00eb drejt\u00ebsis\u00eb dhe ndikimi i hatash\u00ebm i karteleve t\u00eb drog\u00ebs n\u00eb Shqip\u00ebri.<br \/>\nTragjikomedi<br \/>\nP\u00ebrfaq\u00ebsues t\u00eb Partis\u00eb Demokratike, e cila ka bojkotuar parlamentin e zgjedhjet, e quajn\u00eb tragjikomike verfikimin e magjistrat\u00ebve dhe e quajn\u00eb qeverin\u00eb si &#8220;vetsh\u00ebrbim&#8221; por abuzimi politik me pushtetin e drejt\u00ebsis\u00eb ka b\u00ebr\u00eb prej dekadash d\u00ebme n\u00eb adiminstrat\u00eb. Megjithat\u00eb edhe kritik\u00ebt m\u00eb t\u00eb ashp\u00ebr t\u00eb qeveris\u00eb Rama theksojn\u00eb se negociatat me BE duhet t\u00eb fillojn\u00eb. Komuniteti nd\u00ebrkomb\u00ebtar duhet t\u00eb b\u00ebj\u00eb \u00e7mos p\u00ebr t\u00eb rritur presionin mbi qeverin\u00eb dhe p\u00ebr t\u00eb mb\u00ebshtetur transformimin e filluar.<br \/>\nUn\u00eb i p\u00ebrkas opinionist\u00ebve t\u00eb pakt\u00eb q\u00eb kan\u00eb p\u00ebrjetuar n\u00eb l\u00ebkur\u00ebn e tyre diktatur\u00ebn m\u00eb mizore n\u00eb Europ\u00eb, regjimin vrastar t\u00eb Enver Hoxh\u00ebs dh\u00eb k\u00ebt\u00eb p\u00ebrvoj\u00eb e ndava me lexuesit e teleshikuesit. Po k\u00ebshtu edhe kur Miloshevi\u00e7i, Mlladi\u00e7i e Karaxhi\u00e7i p\u00ebrgjak\u00ebn shqiptar\u00ebt e Kosov\u00ebs.<br \/>\nForca mahnit\u00ebse e rezistenc\u00ebs s\u00eb popullit shqiptar kundra tendencave autoritare lipset t\u00eb gjej\u00eb mir\u00ebkuptimin, ndihm\u00ebn e solidaritetin e komunitetit nd\u00ebrkomb\u00ebtar.<br \/>\nProfessor Paul Lendvai \u00ebsht\u00eb nj\u00eb personalitet austriak me origjin\u00eb hungareze i cili ka botuar shum\u00eb libra, nd\u00ebr to edhe mbi Shqip\u00ebrin\u00eb, e ka punuar edhe si titullar n\u00eb televizion publik austriak.<\/em><\/p>\n<p>Shkrimin e plote e lexoni ketu:<\/p>\n<p><a href=\"https:\/\/www.derstandard.de\/story\/2000114674239\/die-albaner\">https:\/\/www.derstandard.de\/story\/2000114674239\/die-albaner<\/a><\/p>","protected":false},"excerpt":{"rendered":"<p>Presidenti i Republik\u00ebs, Ilir Meta ka publikuar nj\u00eb shkrim t\u00eb Profesor Paul Lendavi, ku flet p\u00ebr Shqip\u00ebrin\u00eb. Nd\u00ebr t\u00eb tjera, Lendavi thot\u00eb se kryeministri i Shqip\u00ebris\u00eb, Edi Rama nuk duhet t\u00eb merret seriozisht. &#8220;M\u00eb shum\u00eb kujdes i duhet kushtuar ajo q\u00eb kritikohet si kapja e institucioneve t\u00eb drejt\u00ebsis\u00eb dhe ndikimi i hatash\u00ebm i karteleve t\u00eb [&hellip;]<\/p>\n","protected":false},"author":2013,"featured_media":121023,"comment_status":"open","ping_status":"closed","sticky":false,"template":"","format":"standard","meta":{"footnotes":""},"categories":[241,235],"tags":[],"class_list":{"0":"post-122321","1":"post","2":"type-post","3":"status-publish","4":"format-standard","5":"has-post-thumbnail","7":"category-aktualitet","8":"category-vendi"},"_links":{"self":[{"href":"https:\/\/zjarr.tv\/en\/wp-json\/wp\/v2\/posts\/122321","targetHints":{"allow":["GET"]}}],"collection":[{"href":"https:\/\/zjarr.tv\/en\/wp-json\/wp\/v2\/posts"}],"about":[{"href":"https:\/\/zjarr.tv\/en\/wp-json\/wp\/v2\/types\/post"}],"author":[{"embeddable":true,"href":"https:\/\/zjarr.tv\/en\/wp-json\/wp\/v2\/users\/2013"}],"replies":[{"embeddable":true,"href":"https:\/\/zjarr.tv\/en\/wp-json\/wp\/v2\/comments?post=122321"}],"version-history":[{"count":0,"href":"https:\/\/zjarr.tv\/en\/wp-json\/wp\/v2\/posts\/122321\/revisions"}],"wp:featuredmedia":[{"embeddable":true,"href":"https:\/\/zjarr.tv\/en\/wp-json\/wp\/v2\/media\/121023"}],"wp:attachment":[{"href":"https:\/\/zjarr.tv\/en\/wp-json\/wp\/v2\/media?parent=122321"}],"wp:term":[{"taxonomy":"category","embeddable":true,"href":"https:\/\/zjarr.tv\/en\/wp-json\/wp\/v2\/categories?post=122321"},{"taxonomy":"post_tag","embeddable":true,"href":"https:\/\/zjarr.tv\/en\/wp-json\/wp\/v2\/tags?post=122321"}],"curies":[{"name":"wp","href":"https:\/\/api.w.org\/{rel}","templated":true}]}}