{"id":122324,"date":"2020-02-19T11:08:28","date_gmt":"2020-02-19T10:08:28","guid":{"rendered":"https:\/\/zjarr.tv\/?p=122324"},"modified":"2020-02-19T11:08:28","modified_gmt":"2020-02-19T10:08:28","slug":"diplomate-amerikane-monitorojne-gjyqin-ndaj-arber-cekajt","status":"publish","type":"post","link":"https:\/\/zjarr.tv\/en\/diplomate-amerikane-monitorojne-gjyqin-ndaj-arber-cekajt\/","title":{"rendered":"Diplomat\u00eb amerikan\u00eb monitorojn\u00eb gjyqin ndaj Arb\u00ebr \u00c7ekajt"},"content":{"rendered":"<p>Po zhvillohet seanca\u00a0 e radh\u00ebs p\u00ebr t\u00eb akuzuarin p\u00ebr drog\u00ebn e Maminasit i cili u ndalua n\u00eb Gjermani dhe u ekstradua drejt vendit ton\u00eb p\u00ebr tu p\u00ebrballur m\u00eb akuzat e trafikut nd\u00ebrkomb\u00ebtar t\u00eb drog\u00ebs<\/p>\n<p>Arber \u00c7ekaj mesohet t\u00eb ket\u00eb deklaruar n\u00eb gjyq se nuk po e linin t\u00eb mbrohej.<\/p>\n<p>Nd\u00ebrkoh\u00eb q\u00eb n\u00eb sall\u00ebn e gjyqit q\u00eb po zhvillohet n\u00eb Tiran\u00eb kan\u00eb qen\u00eb t\u00eb pranish\u00ebm edhe diplomat\u00eb amerikan\u00eb t\u00eb cil\u00ebt po monitorojn\u00eb procesin.<\/p>","protected":false},"excerpt":{"rendered":"<p>Po zhvillohet seanca\u00a0 e radh\u00ebs p\u00ebr t\u00eb akuzuarin p\u00ebr drog\u00ebn e Maminasit i cili u ndalua n\u00eb Gjermani dhe u ekstradua drejt vendit ton\u00eb p\u00ebr tu p\u00ebrballur m\u00eb akuzat e trafikut nd\u00ebrkomb\u00ebtar t\u00eb drog\u00ebs Arber \u00c7ekaj mesohet t\u00eb ket\u00eb deklaruar n\u00eb gjyq se nuk po e linin t\u00eb mbrohej. Nd\u00ebrkoh\u00eb q\u00eb n\u00eb sall\u00ebn e gjyqit [&hellip;]<\/p>\n","protected":false},"author":2013,"featured_media":122326,"comment_status":"open","ping_status":"closed","sticky":false,"template":"","format":"standard","meta":{"footnotes":""},"categories":[241,235],"tags":[],"class_list":{"0":"post-122324","1":"post","2":"type-post","3":"status-publish","4":"format-standard","5":"has-post-thumbnail","7":"category-aktualitet","8":"category-vendi"},"_links":{"self":[{"href":"https:\/\/zjarr.tv\/en\/wp-json\/wp\/v2\/posts\/122324","targetHints":{"allow":["GET"]}}],"collection":[{"href":"https:\/\/zjarr.tv\/en\/wp-json\/wp\/v2\/posts"}],"about":[{"href":"https:\/\/zjarr.tv\/en\/wp-json\/wp\/v2\/types\/post"}],"author":[{"embeddable":true,"href":"https:\/\/zjarr.tv\/en\/wp-json\/wp\/v2\/users\/2013"}],"replies":[{"embeddable":true,"href":"https:\/\/zjarr.tv\/en\/wp-json\/wp\/v2\/comments?post=122324"}],"version-history":[{"count":0,"href":"https:\/\/zjarr.tv\/en\/wp-json\/wp\/v2\/posts\/122324\/revisions"}],"wp:featuredmedia":[{"embeddable":true,"href":"https:\/\/zjarr.tv\/en\/wp-json\/wp\/v2\/media\/122326"}],"wp:attachment":[{"href":"https:\/\/zjarr.tv\/en\/wp-json\/wp\/v2\/media?parent=122324"}],"wp:term":[{"taxonomy":"category","embeddable":true,"href":"https:\/\/zjarr.tv\/en\/wp-json\/wp\/v2\/categories?post=122324"},{"taxonomy":"post_tag","embeddable":true,"href":"https:\/\/zjarr.tv\/en\/wp-json\/wp\/v2\/tags?post=122324"}],"curies":[{"name":"wp","href":"https:\/\/api.w.org\/{rel}","templated":true}]}}