{"id":122333,"date":"2020-02-19T12:17:00","date_gmt":"2020-02-19T11:17:00","guid":{"rendered":"https:\/\/zjarr.tv\/?p=122333"},"modified":"2020-02-19T12:17:00","modified_gmt":"2020-02-19T11:17:00","slug":"prokurori-belg-suksesi-i-reformes-ne-drejtesi-garantohet-nga-zbatimi-rigoroz-i-saj","status":"publish","type":"post","link":"https:\/\/zjarr.tv\/en\/prokurori-belg-suksesi-i-reformes-ne-drejtesi-garantohet-nga-zbatimi-rigoroz-i-saj\/","title":{"rendered":"Prokurori belg: Suksesi i reform\u00ebs n\u00eb drejt\u00ebsi garantohet nga zbatimi rigoroz i saj"},"content":{"rendered":"<p>Prokuroiri i Prokuroris\u00eb Federale t\u00eb Belgjik\u00ebs Frederic Van Leeuw tha gjat\u00eb nj\u00eb takimi me kreun e KLP, Gent Ibrahimi se suksesi i reform\u00ebs n\u00eb drejt\u00ebsi garantohet nga zbatimi rigoroz t\u00eb saj.<\/p>\n<p><strong><em>&#8220;<\/em><\/strong><em>Bashk\u00ebpunimi nd\u00ebrkomb\u00ebtar dhe koordinimi \u00a0m\u00eb t\u00eb mir\u00eb sigurojn\u00eb funksionimin e sistemit&#8221;,<\/em>\u00a0u shpreh Frederic Van Leeuw.<\/p>\n<p>Nga ana e tij kryetari i KLP, Gent Ibrahimi u shpreh se \u00ebsht\u00eb krenar\u00eb p\u00ebr \u00e7far\u00eb \u00ebsht\u00eb arritur n\u00eb nj\u00eb vit ekzistenc\u00eb.<\/p>\n<p><strong><em>&#8220;<\/em><\/strong><em>\u00a0K\u00ebshilli menaxhon karrier\u00ebn e prokuror\u00ebve bazuar n\u00eb integritet, profesionalism dhe meritokraci. Pavar\u00ebsia dhe efi\u00e7enca e sistemit gjyq\u00ebsor duhen t\u00eb rrin\u00eb n\u00eb themelet e k\u00ebsaj reforme&#8221;,<\/em>\u00a0tha Ibrahimi.<\/p>","protected":false},"excerpt":{"rendered":"<p>Prokuroiri i Prokuroris\u00eb Federale t\u00eb Belgjik\u00ebs Frederic Van Leeuw tha gjat\u00eb nj\u00eb takimi me kreun e KLP, Gent Ibrahimi se suksesi i reform\u00ebs n\u00eb drejt\u00ebsi garantohet nga zbatimi rigoroz t\u00eb saj. &#8220;Bashk\u00ebpunimi nd\u00ebrkomb\u00ebtar dhe koordinimi \u00a0m\u00eb t\u00eb mir\u00eb sigurojn\u00eb funksionimin e sistemit&#8221;,\u00a0u shpreh Frederic Van Leeuw. Nga ana e tij kryetari i KLP, Gent Ibrahimi [&hellip;]<\/p>\n","protected":false},"author":2013,"featured_media":122334,"comment_status":"open","ping_status":"closed","sticky":false,"template":"","format":"standard","meta":{"footnotes":""},"categories":[241,235],"tags":[],"class_list":{"0":"post-122333","1":"post","2":"type-post","3":"status-publish","4":"format-standard","5":"has-post-thumbnail","7":"category-aktualitet","8":"category-vendi"},"_links":{"self":[{"href":"https:\/\/zjarr.tv\/en\/wp-json\/wp\/v2\/posts\/122333","targetHints":{"allow":["GET"]}}],"collection":[{"href":"https:\/\/zjarr.tv\/en\/wp-json\/wp\/v2\/posts"}],"about":[{"href":"https:\/\/zjarr.tv\/en\/wp-json\/wp\/v2\/types\/post"}],"author":[{"embeddable":true,"href":"https:\/\/zjarr.tv\/en\/wp-json\/wp\/v2\/users\/2013"}],"replies":[{"embeddable":true,"href":"https:\/\/zjarr.tv\/en\/wp-json\/wp\/v2\/comments?post=122333"}],"version-history":[{"count":0,"href":"https:\/\/zjarr.tv\/en\/wp-json\/wp\/v2\/posts\/122333\/revisions"}],"wp:featuredmedia":[{"embeddable":true,"href":"https:\/\/zjarr.tv\/en\/wp-json\/wp\/v2\/media\/122334"}],"wp:attachment":[{"href":"https:\/\/zjarr.tv\/en\/wp-json\/wp\/v2\/media?parent=122333"}],"wp:term":[{"taxonomy":"category","embeddable":true,"href":"https:\/\/zjarr.tv\/en\/wp-json\/wp\/v2\/categories?post=122333"},{"taxonomy":"post_tag","embeddable":true,"href":"https:\/\/zjarr.tv\/en\/wp-json\/wp\/v2\/tags?post=122333"}],"curies":[{"name":"wp","href":"https:\/\/api.w.org\/{rel}","templated":true}]}}