{"id":122350,"date":"2020-02-19T16:18:40","date_gmt":"2020-02-19T15:18:40","guid":{"rendered":"https:\/\/zjarr.tv\/?p=122350"},"modified":"2020-02-19T16:18:40","modified_gmt":"2020-02-19T15:18:40","slug":"veliaj-fsheh-tenderat-bashkia-refuzon-transparencen-per-demet-e-termetit","status":"publish","type":"post","link":"https:\/\/zjarr.tv\/en\/veliaj-fsheh-tenderat-bashkia-refuzon-transparencen-per-demet-e-termetit\/","title":{"rendered":"Veliaj fsheh tenderat, Bashkia refuzon transparenc\u00ebn p\u00ebr d\u00ebmet e t\u00ebrmetit"},"content":{"rendered":"<p>Rreth 111 milion lek\u00eb \u00ebsht\u00eb vlera totale e marr\u00ebveshjeve t\u00eb n\u00ebnshkruar pa tender paraprak nga bashkia e Tiran\u00ebs p\u00ebr vler\u00ebsimin e d\u00ebmeve n\u00eb objektet e d\u00ebmtuara nga t\u00ebrmeti i 26 n\u00ebntorit.\u00a0 \u00a0I vetmi argument p\u00ebr kontratat me negociim ka qen\u00eb fatkeq\u00ebsia natyrore, gjith\u00e7ka tjet\u00ebr \u00ebsht\u00eb n\u00eb munges\u00eb t\u00eb transparenc\u00ebs. Kryeinspektori Mariglen Qato jo vet\u00ebm q\u00eb nuk preferon t\u00eb p\u00ebrgjigjet por ashtu si dhe m\u00eb par\u00eb kryebashkiaku Veliaj, ndaj gazetar\u00ebve tregon nj\u00eb gjuh\u00eb aspak normale.<\/p>\n<p><em><strong>Mariglen Qato:\u00a0<\/strong>Un\u00eb kam mbajtur nj\u00eb procedur\u00eb prishje, n\u00eb baz\u00eb t\u00eb vendimit t\u00eb K\u00ebshillit bashkiak. T\u00eb kam th\u00ebn\u00eb ligjin sesi mbahet, t\u00eb kam v\u00ebn\u00eb n\u00eb dispozicion ligjin \u00e7far\u00eb kam ndjekur, kaq.<\/em><\/p>\n<p>Duke qen\u00eb se p\u00ebrgjigjia e Inspektoriatit t\u00eb Mbrojtjes s\u00eb Territorit nuk kishte lidhje me pyetjet e b\u00ebra, Ora News do ti drejtohet me nj\u00eb k\u00ebrkes\u00eb Komisionerit p\u00ebr t\u00eb Drejtat e Informimit ku do ti k\u00ebrkoj\u00eb nd\u00ebrhyrje p\u00ebr t\u00eb ndikuar te bashkia e Tiran\u00ebs q\u00eb t&#8217;i vendos\u00eb n\u00eb dispozicion akt-ekspertimet e prishjes s\u00eb konvikteve.<\/p>\n<p>T\u00eb vetmen p\u00ebrgjigje q\u00eb bashkia e Tiran\u00ebs jep mbi k\u00ebto marr\u00ebveshje jan\u00eb referencat ligjore p\u00ebr veprimet.<\/p>","protected":false},"excerpt":{"rendered":"<p>Rreth 111 milion lek\u00eb \u00ebsht\u00eb vlera totale e marr\u00ebveshjeve t\u00eb n\u00ebnshkruar pa tender paraprak nga bashkia e Tiran\u00ebs p\u00ebr vler\u00ebsimin e d\u00ebmeve n\u00eb objektet e d\u00ebmtuara nga t\u00ebrmeti i 26 n\u00ebntorit.\u00a0 \u00a0I vetmi argument p\u00ebr kontratat me negociim ka qen\u00eb fatkeq\u00ebsia natyrore, gjith\u00e7ka tjet\u00ebr \u00ebsht\u00eb n\u00eb munges\u00eb t\u00eb transparenc\u00ebs. Kryeinspektori Mariglen Qato jo vet\u00ebm q\u00eb [&hellip;]<\/p>\n","protected":false},"author":2013,"featured_media":122351,"comment_status":"open","ping_status":"closed","sticky":false,"template":"","format":"standard","meta":{"footnotes":""},"categories":[241,235],"tags":[],"class_list":{"0":"post-122350","1":"post","2":"type-post","3":"status-publish","4":"format-standard","5":"has-post-thumbnail","7":"category-aktualitet","8":"category-vendi"},"_links":{"self":[{"href":"https:\/\/zjarr.tv\/en\/wp-json\/wp\/v2\/posts\/122350","targetHints":{"allow":["GET"]}}],"collection":[{"href":"https:\/\/zjarr.tv\/en\/wp-json\/wp\/v2\/posts"}],"about":[{"href":"https:\/\/zjarr.tv\/en\/wp-json\/wp\/v2\/types\/post"}],"author":[{"embeddable":true,"href":"https:\/\/zjarr.tv\/en\/wp-json\/wp\/v2\/users\/2013"}],"replies":[{"embeddable":true,"href":"https:\/\/zjarr.tv\/en\/wp-json\/wp\/v2\/comments?post=122350"}],"version-history":[{"count":0,"href":"https:\/\/zjarr.tv\/en\/wp-json\/wp\/v2\/posts\/122350\/revisions"}],"wp:featuredmedia":[{"embeddable":true,"href":"https:\/\/zjarr.tv\/en\/wp-json\/wp\/v2\/media\/122351"}],"wp:attachment":[{"href":"https:\/\/zjarr.tv\/en\/wp-json\/wp\/v2\/media?parent=122350"}],"wp:term":[{"taxonomy":"category","embeddable":true,"href":"https:\/\/zjarr.tv\/en\/wp-json\/wp\/v2\/categories?post=122350"},{"taxonomy":"post_tag","embeddable":true,"href":"https:\/\/zjarr.tv\/en\/wp-json\/wp\/v2\/tags?post=122350"}],"curies":[{"name":"wp","href":"https:\/\/api.w.org\/{rel}","templated":true}]}}