{"id":122356,"date":"2020-02-19T16:22:02","date_gmt":"2020-02-19T15:22:02","guid":{"rendered":"https:\/\/zjarr.tv\/?p=122356"},"modified":"2020-02-19T16:22:02","modified_gmt":"2020-02-19T15:22:02","slug":"meta-me-2-mars-therret-popullin-ne-bulevard-nis-shpartallimi-i-grushtit-te-shtetit-rama-te-porosise-poture-te-gjera","status":"publish","type":"post","link":"https:\/\/zjarr.tv\/en\/meta-me-2-mars-therret-popullin-ne-bulevard-nis-shpartallimi-i-grushtit-te-shtetit-rama-te-porosise-poture-te-gjera\/","title":{"rendered":"Meta m\u00eb 2 mars th\u00ebrret popullin n\u00eb bulevard, nis shpartallimi i grushtit t\u00eb shtetit. Rama t\u00eb porosis\u00eb poture t\u00eb gj\u00ebra"},"content":{"rendered":"<p><em>M\u00eb 2 mars, presidenti Ilir Meta ka ftuar popullin q\u00eb ti bashkohet n\u00eb bulevardin &#8220;D\u00ebshmor\u00ebt e Kombit&#8221;, p\u00ebr t\u00eb krijuar at\u00eb q\u00eb ai e ka konsideruar si &#8220;Bes\u00eblidhja kund\u00ebr grushtit t\u00eb shtetit&#8221;. N\u00eb nj\u00eb dalje tjet\u00ebr p\u00ebr mediat, Kreu i Shtetit ka b\u00ebr\u00eb t\u00eb ditur se aty do t\u00eb firmos\u00eb nj\u00eb dekret t\u00eb r\u00ebnd\u00ebsish\u00ebm p\u00ebr \u00e7montimin e k\u00ebtij grushti shteti. Ai e konsideroi parlamentin jo legjitim, nd\u00ebrsa m\u00eb par\u00eb ka b\u00ebr\u00eb t\u00eb ditur se at\u00eb do e shp\u00ebrndaj\u00eb populli. Meta publikoi t\u00eb tjera prova q\u00eb sipas tij v\u00ebrtetojn\u00eb tentativ\u00ebn e mazhoranc\u00ebs p\u00ebr grusht shteti.<\/em><\/p>\n<p><strong>Tirane-\u00a0<\/strong>Presidenti Ilir Meta \u00ebsht\u00eb i vendosur ta \u00e7oj\u00eb deri n\u00eb fund betej\u00ebn e nisur n\u00eb fundit t\u00eb vitit t\u00eb shkuar n\u00eb mbrojtje t\u00eb Kushtetut\u00ebs dhe kund\u00ebr asaj q\u00eb e quan &#8220;grusht shteti&#8221;<\/p>\n<p>P\u00ebr k\u00ebt\u00eb q\u00ebllim m\u00eb 2 mars, dat\u00eb q\u00eb p\u00ebrkon me p\u00ebrvjetorin e Bes\u00eblidhjes s\u00eb Lezh\u00ebs do t\u00eb zbres\u00eb n\u00eb shesh p\u00ebr ti b\u00ebr\u00eb bashk\u00eb shqiptar\u00ebt. Pik\u00ebrisht k\u00ebt\u00eb moment do t\u00eb firmos\u00eb dhe dekretin e par\u00eb t\u00eb shpartallimit t\u00eb k\u00ebtij grushti shteti.<\/p>\n<p><em>&#8220;Ne n\u00eb 2 mars, ju presim t\u00eb gjith\u00ebve pasdite n\u00eb bulevardin D\u00ebshmor\u00ebt e Kombit dhe ju japim fjal\u00ebn q\u00eb shum\u00eb shpejt fal\u00eb popullit shqiptar nuk do t\u00eb ket\u00eb vet\u00ebm nj\u00eb institucion q\u00eb \u00ebsht\u00eb presidenti i Republik\u00ebs n\u00eb sh\u00ebrbim t\u00eb interesit komb\u00ebtar&#8221;\u00a0<\/em>u shpreh Meta n\u00eb nj\u00eb dalje p\u00ebr median mesdit\u00ebn e sotme n\u00eb presidenc\u00eb<\/p>\n<p><strong>Beselidhja\u00a0<\/strong>\u00a0&#8211; Meta tha se \u00e7do dit\u00eb do t\u00eb publikoj\u00eb fakte p\u00ebr t\u00eb denoncuar k\u00ebt\u00eb dhe do t\u00eb lidh\u00eb bes\u00eblidhje me popullin shqiptar p\u00ebr shkat\u00ebrrimin e tij.<\/p>\n<p><em>\u201c\u00c7do dit\u00eb do t\u00eb ket\u00eb lajme p\u00ebr grushtin e shtetit. Do t\u00eb marrim me qet\u00ebsi \u00e7montimin e plot\u00eb t\u00eb grushtit t\u00eb shtetit. T\u00eb jeni t\u00eb sigurt\u00eb n\u00ebse ky institucion \u00ebsht\u00eb k\u00ebshtjell\u00eb e vetme, nga data 2 mars\u00a0<\/em><em>kur do t\u00eb firmoset dekreti i par\u00eb kund\u00ebr grushtit t\u00eb shtetit dhe n\u00eb shpartallim t\u00eb plot\u00eb t\u00eb grushtit t\u00eb shtetit, pik\u00ebrisht p\u00ebrpara popullit shqiptar n\u00eb bulevardin \u201cD\u00ebshmor\u00ebt e Kombit\u201d ku do t\u00eb lidhim nj\u00eb bes\u00eblidhje p\u00ebr t\u00eb shpartalluar nj\u00eb her\u00eb e mir\u00eb regjimin e oligark\u00ebve dhe mafioz\u00eb dhe t\u00eb mafias nd\u00ebrkomb\u00ebtare ka dhunuar sovranitetin komb\u00ebtar me q\u00ebllim shpopullimin e k\u00ebtij vendi dhe shnd\u00ebrrimin e tij n\u00eb nj\u00eb qend\u00ebr t\u00eb pastrimit t\u00eb parave dhe baz\u00eb operacionale t\u00eb krimit t\u00eb organizuar komb\u00ebtare dhe nd\u00ebrkomb\u00ebtare.&#8221;<\/em><\/p>\n<p><strong>Poturet e gjera &#8211;\u00a0<\/strong>Presidenti kishte dhe nj\u00eb mesazh p\u00ebr Ram\u00ebn i cili dje n\u00eb nj\u00eb studio televizive me ironi tha se kreu i shtetit e kishte popullin n\u00eb &#8220;whats app&#8221;<\/p>\n<p><strong>Ilir Meta:<\/strong><em>\u00a0&#8220;T\u00eb gjitha institucionet q\u00eb jan\u00eb n\u00eb bulevardin \u201cD\u00ebshmor\u00ebt e Kombit\u201d do i kthehen popullit shqiptar. \u00a0Ata q\u00eb k\u00ebrkojn\u00eb popullin e presidentit n\u00eb whats app t\u00eb porosisin poture t\u00eb gj\u00ebra.&#8221;\u00a0<\/em><\/p>\n<p>N\u00eb konferenc\u00ebn me gazetar\u00ebt, Kreu i Shtetit paraqiti dhe provat e tjera q\u00eb sipas tij v\u00ebrtetojn\u00eb tentativ\u00ebn p\u00ebr grusht shteti, p\u00ebrmes miratimit t\u00eb ligjit p\u00ebr ndryshimin e formul\u00ebs s\u00eb betimit t\u00eb gjyqtar\u00ebve t\u00eb Gjykat\u00ebs Kushtetuese.<\/p>\n<p>Gjysm\u00eb parlamenti i deledeputet\u00ebve q\u00eb dhunojn\u00eb Kushtetuten<\/p>\n<p>N\u00eb tentativ\u00eb p\u00ebr kapjen e Gjykat\u00ebs Kushtetuese, Meta tha se nuk i vihet n\u00eb dispozicion dokumentacioni i p\u00ebrdorur p\u00ebr botimin n\u00eb Fletoren Zyrtare t\u00eb Arta Vorpsit si an\u00ebtare e Kushtetueses.<\/p>\n<p>Presidenti paralajm\u00ebroi se publikimi i provave do t\u00eb vijoj\u00eb edhe n\u00eb dit\u00ebt n\u00eb vijim, pasi mazhoranca sipas tij, p\u00ebrmes nismave po d\u00ebmton dhe reform\u00ebn n\u00eb drejt\u00ebsi.<\/p>","protected":false},"excerpt":{"rendered":"<p>M\u00eb 2 mars, presidenti Ilir Meta ka ftuar popullin q\u00eb ti bashkohet n\u00eb bulevardin &#8220;D\u00ebshmor\u00ebt e Kombit&#8221;, p\u00ebr t\u00eb krijuar at\u00eb q\u00eb ai e ka konsideruar si &#8220;Bes\u00eblidhja kund\u00ebr grushtit t\u00eb shtetit&#8221;. N\u00eb nj\u00eb dalje tjet\u00ebr p\u00ebr mediat, Kreu i Shtetit ka b\u00ebr\u00eb t\u00eb ditur se aty do t\u00eb firmos\u00eb nj\u00eb dekret t\u00eb r\u00ebnd\u00ebsish\u00ebm p\u00ebr [&hellip;]<\/p>\n","protected":false},"author":2013,"featured_media":99906,"comment_status":"open","ping_status":"closed","sticky":false,"template":"","format":"standard","meta":{"footnotes":""},"categories":[241,235],"tags":[],"class_list":{"0":"post-122356","1":"post","2":"type-post","3":"status-publish","4":"format-standard","5":"has-post-thumbnail","7":"category-aktualitet","8":"category-vendi"},"_links":{"self":[{"href":"https:\/\/zjarr.tv\/en\/wp-json\/wp\/v2\/posts\/122356","targetHints":{"allow":["GET"]}}],"collection":[{"href":"https:\/\/zjarr.tv\/en\/wp-json\/wp\/v2\/posts"}],"about":[{"href":"https:\/\/zjarr.tv\/en\/wp-json\/wp\/v2\/types\/post"}],"author":[{"embeddable":true,"href":"https:\/\/zjarr.tv\/en\/wp-json\/wp\/v2\/users\/2013"}],"replies":[{"embeddable":true,"href":"https:\/\/zjarr.tv\/en\/wp-json\/wp\/v2\/comments?post=122356"}],"version-history":[{"count":0,"href":"https:\/\/zjarr.tv\/en\/wp-json\/wp\/v2\/posts\/122356\/revisions"}],"wp:featuredmedia":[{"embeddable":true,"href":"https:\/\/zjarr.tv\/en\/wp-json\/wp\/v2\/media\/99906"}],"wp:attachment":[{"href":"https:\/\/zjarr.tv\/en\/wp-json\/wp\/v2\/media?parent=122356"}],"wp:term":[{"taxonomy":"category","embeddable":true,"href":"https:\/\/zjarr.tv\/en\/wp-json\/wp\/v2\/categories?post=122356"},{"taxonomy":"post_tag","embeddable":true,"href":"https:\/\/zjarr.tv\/en\/wp-json\/wp\/v2\/tags?post=122356"}],"curies":[{"name":"wp","href":"https:\/\/api.w.org\/{rel}","templated":true}]}}