{"id":122364,"date":"2020-02-19T16:31:09","date_gmt":"2020-02-19T15:31:09","guid":{"rendered":"https:\/\/zjarr.tv\/?p=122364"},"modified":"2020-02-19T16:31:09","modified_gmt":"2020-02-19T15:31:09","slug":"blushi-ironizon-spiropalin-e-cmendura-e-me-qetesi-dhe-drejtesi","status":"publish","type":"post","link":"https:\/\/zjarr.tv\/en\/blushi-ironizon-spiropalin-e-cmendura-e-me-qetesi-dhe-drejtesi\/","title":{"rendered":"Blushi ironizon Spiropalin\/ E \u2018\u00e7mendura E\u2019, me qet\u00ebsi dhe drejt\u00ebsi"},"content":{"rendered":"<p>Ka nisur p\u00ebrplasja mes qeveris\u00eb dhe presidentit.<\/p>\n<p>Pas akuzave t\u00eb forta t\u00eb dit\u00ebs s\u00eb sotme, nga ana e presidentit Ilir Meta, ka reaguar ministrja e Shtetit p\u00ebr Marr\u00ebdh\u00ebniet me Parlamentin, Elisa Spiropali.<\/p>\n<p>Kjo e fundit shkruan n\u00eb Twitter:<\/p>\n<p>1\/Pyetja sot s\u2019\u00ebsht\u00eb pse Presidentit i ka dal\u00eb gjuha jasht\u00eb kontrollit dhe s\u2019ka m\u00eb asnj\u00eb kontroll mbi Ilir Met\u00ebn.Kjo dihet.Pyetja \u00ebsht\u00eb pse Ilir Meta priti Konferenc\u00ebn e Donator\u00ebve p\u00ebr ta rib\u00ebr\u00eb leck\u00eb Presidentin!Keqardhja p\u00ebr Presidentin ka sosur.Ajo p\u00ebr I.Met\u00ebn s\u2019ka t\u00eb sosur!<\/p>\n<p>2\/Zoti e ndihmoft\u00eb Ilir Met\u00ebn se Presidentin s\u2019e ndihmon dot m\u00eb as Luli! Populli jo e jo. Sa p\u00ebr grushtin e shtetit,ai ka nisur n\u00eb kok\u00ebn e Ilirit qysh kur nisi Reforma n\u00eb Drejt\u00ebsi dhe do t\u00eb vazhdoj\u00eb sa her\u00eb q\u00eb n\u00eb konsensus me SHBA\/BE ne miratojm\u00eb ligje q\u00eb atij i duken grushte.<\/p>\n<p>I menj\u00ebhershme ka qen\u00eb p\u00ebrgjigja nga presidenca, e ardhur n\u00ebp\u00ebrmjet nj\u00eb statusi n\u00eb Facebook t\u00eb z\u00ebdh\u00ebn\u00ebsit, Tedi Blushi.<\/p>\n<p>Ja \u00e7far\u00eb shkruan Tedi Blushi n\u00eb Facebook:<\/p>\n<p>Moj e \u00c7mendura E., po edhe p\u00ebr grushtin e shtetit keni marr\u00eb konsensusin e SHBA-BE? Se Venecian q\u00eb vet\u00eb e k\u00ebrkuat, po vet\u00eb e p\u00ebrzut\u00eb!<\/p>\n<p>Megjithat\u00eb, ne nuk nxitohemi! Po presim edhe opinionet zyrtare t\u00eb EURALIUS-it. Se k\u00ebshtu mashtruat ju edhe p\u00ebr opinionet q\u00eb nuk ekzistojn\u00eb t\u00eb KED, Shkoll\u00ebs s\u00eb Magjistratur\u00ebs, dhe Komitetit Shqiptar t\u00eb Helsinkit, q\u00eb shk\u00eblqeu me delegjitimimin e ligjit tuaj anti-kushtetues t\u00eb betimit buz\u00eb Lan\u00ebs.<\/p>\n<p>Mbani fort oligark\u00ebt se ata jan\u00eb t\u00eb bes\u00ebs.<\/p>\n<p>Sa p\u00ebr popullin, do e shihni shum\u00eb shpejt!<\/p>\n<p>Edhe pak durim!<\/p>\n<p>Me qet\u00ebsi dhe drejt\u00ebsi!<\/p>\n<p>P\u00ebr gjuh\u00ebn jasht\u00eb kontrollit, nuk kemi koment, se ti na udh\u00ebheq n\u00eb k\u00ebt\u00eb drejtim bashk\u00eb me Sk\u00ebnderbeun t\u00ebnd.<\/p>","protected":false},"excerpt":{"rendered":"<p>Ka nisur p\u00ebrplasja mes qeveris\u00eb dhe presidentit. Pas akuzave t\u00eb forta t\u00eb dit\u00ebs s\u00eb sotme, nga ana e presidentit Ilir Meta, ka reaguar ministrja e Shtetit p\u00ebr Marr\u00ebdh\u00ebniet me Parlamentin, Elisa Spiropali. Kjo e fundit shkruan n\u00eb Twitter: 1\/Pyetja sot s\u2019\u00ebsht\u00eb pse Presidentit i ka dal\u00eb gjuha jasht\u00eb kontrollit dhe s\u2019ka m\u00eb asnj\u00eb kontroll mbi [&hellip;]<\/p>\n","protected":false},"author":2013,"featured_media":116720,"comment_status":"open","ping_status":"closed","sticky":false,"template":"","format":"standard","meta":{"footnotes":""},"categories":[241,235],"tags":[],"class_list":{"0":"post-122364","1":"post","2":"type-post","3":"status-publish","4":"format-standard","5":"has-post-thumbnail","7":"category-aktualitet","8":"category-vendi"},"_links":{"self":[{"href":"https:\/\/zjarr.tv\/en\/wp-json\/wp\/v2\/posts\/122364","targetHints":{"allow":["GET"]}}],"collection":[{"href":"https:\/\/zjarr.tv\/en\/wp-json\/wp\/v2\/posts"}],"about":[{"href":"https:\/\/zjarr.tv\/en\/wp-json\/wp\/v2\/types\/post"}],"author":[{"embeddable":true,"href":"https:\/\/zjarr.tv\/en\/wp-json\/wp\/v2\/users\/2013"}],"replies":[{"embeddable":true,"href":"https:\/\/zjarr.tv\/en\/wp-json\/wp\/v2\/comments?post=122364"}],"version-history":[{"count":0,"href":"https:\/\/zjarr.tv\/en\/wp-json\/wp\/v2\/posts\/122364\/revisions"}],"wp:featuredmedia":[{"embeddable":true,"href":"https:\/\/zjarr.tv\/en\/wp-json\/wp\/v2\/media\/116720"}],"wp:attachment":[{"href":"https:\/\/zjarr.tv\/en\/wp-json\/wp\/v2\/media?parent=122364"}],"wp:term":[{"taxonomy":"category","embeddable":true,"href":"https:\/\/zjarr.tv\/en\/wp-json\/wp\/v2\/categories?post=122364"},{"taxonomy":"post_tag","embeddable":true,"href":"https:\/\/zjarr.tv\/en\/wp-json\/wp\/v2\/tags?post=122364"}],"curies":[{"name":"wp","href":"https:\/\/api.w.org\/{rel}","templated":true}]}}