{"id":122368,"date":"2020-02-19T16:39:32","date_gmt":"2020-02-19T15:39:32","guid":{"rendered":"https:\/\/zjarr.tv\/?p=122368"},"modified":"2020-02-19T16:39:32","modified_gmt":"2020-02-19T15:39:32","slug":"shakaja-pa-kripe-e-cakajt-ne-zyren-e-kurtit-me-flamujt-e-kosoves-dhe-te-shqiperise","status":"publish","type":"post","link":"https:\/\/zjarr.tv\/en\/shakaja-pa-kripe-e-cakajt-ne-zyren-e-kurtit-me-flamujt-e-kosoves-dhe-te-shqiperise\/","title":{"rendered":"Shakaja pa krip\u00eb e Cakajt n\u00eb zyr\u00ebn e Kurtit, me flamujt e Kosov\u00ebs dhe t\u00eb Shqip\u00ebris\u00eb"},"content":{"rendered":"<p>P\u00ebrderisa e thot\u00eb, Edi Rama, se \u00ebsht\u00eb nj\u00eb nga \u2018mendjet m\u00eb t\u00eb ndritura\u2019 t\u00eb shqiptaris\u00eb, imagjinoni se \u00e7far\u00eb mendon p\u00ebr vetveten ministri n\u00eb detyr\u00eb i Jasht\u00ebm Gent Cakaj. Pas surpriz\u00ebs s\u00eb em\u00ebrimit t\u00eb tij nga Rama n\u00eb detyr\u00ebn e r\u00ebnd\u00ebsishme, lajmet m\u00eb t\u00eb bujshme q\u00eb ai ka prodhuar jan\u00eb memet n\u00eb rrjet.<\/p>\n<p>Edhe dit\u00ebn e sotme gjat\u00eb takimit m\u00eb kryeministrin e Kosov\u00ebs Albin Kurti, t\u00eb cilin dikur e ka pasur \u2018shef t\u00eb madh\u2019 n\u00eb L\u00ebvizjen Vet\u00ebvendosje, Cakaj nuk e ka p\u00ebrmbajtur dot veten pa l\u00ebshuar nj\u00eb \u2018perl\u00eb\u2019.<\/p>\n<p>Gjat\u00eb shtr\u00ebngimit t\u00eb duarve me Kurtin, Cakaj duke ju drejtuar fotograf\u00ebve dhe kameraman\u00ebve, ka l\u00ebshuar nj\u00eb batut\u00eb \u2018gjeniale\u2019<\/p>\n<p>\u2018Q\u00eb doni i nd\u00ebrrojm\u00eb, edhe flamurat\u2019, ka th\u00ebn\u00eb Cakaj duke qeshur vet\u00eb i pari, me shakan\u00eb e tij pa krip\u00eb.<\/p>\n<p>Kurse Albin Kurti, k\u00ebt\u00eb moment e ka kaluar pa koment dhe vet\u00ebm me nj\u00eb buz\u00ebqeshje t\u00eb leht\u00eb. Kujtojm\u00eb se p\u00ebr nj\u00eb periudh\u00eb t\u00eb gjat\u00eb q\u00eb nga koha e shpalljes s\u00eb pavar\u00ebsis\u00eb s\u00eb Kosov\u00ebs, Albin Kurti, nuk e ka njohur flamurin aktual t\u00eb Kosov\u00ebs, duke k\u00ebrkuar q\u00eb ai t\u00eb z\u00ebvend\u00ebsohet me at\u00eb komb\u00ebtar\u00eb (kuq e zi), t\u00eb cilin mban edhe shteti i Shqip\u00ebris\u00eb.<\/p>","protected":false},"excerpt":{"rendered":"<p>P\u00ebrderisa e thot\u00eb, Edi Rama, se \u00ebsht\u00eb nj\u00eb nga \u2018mendjet m\u00eb t\u00eb ndritura\u2019 t\u00eb shqiptaris\u00eb, imagjinoni se \u00e7far\u00eb mendon p\u00ebr vetveten ministri n\u00eb detyr\u00eb i Jasht\u00ebm Gent Cakaj. Pas surpriz\u00ebs s\u00eb em\u00ebrimit t\u00eb tij nga Rama n\u00eb detyr\u00ebn e r\u00ebnd\u00ebsishme, lajmet m\u00eb t\u00eb bujshme q\u00eb ai ka prodhuar jan\u00eb memet n\u00eb rrjet. Edhe dit\u00ebn e [&hellip;]<\/p>\n","protected":false},"author":2013,"featured_media":122369,"comment_status":"open","ping_status":"closed","sticky":false,"template":"","format":"standard","meta":{"footnotes":""},"categories":[241,235],"tags":[],"class_list":{"0":"post-122368","1":"post","2":"type-post","3":"status-publish","4":"format-standard","5":"has-post-thumbnail","7":"category-aktualitet","8":"category-vendi"},"_links":{"self":[{"href":"https:\/\/zjarr.tv\/en\/wp-json\/wp\/v2\/posts\/122368","targetHints":{"allow":["GET"]}}],"collection":[{"href":"https:\/\/zjarr.tv\/en\/wp-json\/wp\/v2\/posts"}],"about":[{"href":"https:\/\/zjarr.tv\/en\/wp-json\/wp\/v2\/types\/post"}],"author":[{"embeddable":true,"href":"https:\/\/zjarr.tv\/en\/wp-json\/wp\/v2\/users\/2013"}],"replies":[{"embeddable":true,"href":"https:\/\/zjarr.tv\/en\/wp-json\/wp\/v2\/comments?post=122368"}],"version-history":[{"count":0,"href":"https:\/\/zjarr.tv\/en\/wp-json\/wp\/v2\/posts\/122368\/revisions"}],"wp:featuredmedia":[{"embeddable":true,"href":"https:\/\/zjarr.tv\/en\/wp-json\/wp\/v2\/media\/122369"}],"wp:attachment":[{"href":"https:\/\/zjarr.tv\/en\/wp-json\/wp\/v2\/media?parent=122368"}],"wp:term":[{"taxonomy":"category","embeddable":true,"href":"https:\/\/zjarr.tv\/en\/wp-json\/wp\/v2\/categories?post=122368"},{"taxonomy":"post_tag","embeddable":true,"href":"https:\/\/zjarr.tv\/en\/wp-json\/wp\/v2\/tags?post=122368"}],"curies":[{"name":"wp","href":"https:\/\/api.w.org\/{rel}","templated":true}]}}