{"id":122376,"date":"2020-02-19T17:21:56","date_gmt":"2020-02-19T16:21:56","guid":{"rendered":"https:\/\/zjarr.tv\/?p=122376"},"modified":"2020-02-19T17:21:56","modified_gmt":"2020-02-19T16:21:56","slug":"video-momenti-kur-trupi-i-jan-prenges-futet-ne-furgon-nga-rrembyesit","status":"publish","type":"post","link":"https:\/\/zjarr.tv\/en\/video-momenti-kur-trupi-i-jan-prenges-futet-ne-furgon-nga-rrembyesit\/","title":{"rendered":"VIDEO\/ Momenti kur trupi i Jan Preng\u00ebs futet n\u00eb furgon nga rr\u00ebmbyesit"},"content":{"rendered":"<div class=\"readmore-text-here\">\n<p>Ky \u00ebsht\u00eb momenti kur trupi i pajet\u00eb i Jan Preng\u00ebs futet nga dy persona n\u00eb nj\u00eb furgon t\u00eb bardh\u00eb q\u00eb ndodhet i parkuar n\u00eb garazhin e kompleksit \u2018Golden\u2019.<\/p>\n<p>Fotot e shk\u00ebputura nga pamjet e kamerave t\u00eb siguris\u00eb tregojn\u00eb momentin kur autor\u00ebt kan\u00eb mb\u00ebshtjell\u00eb me qese trupin e viktim\u00ebs dhe m\u00eb pas e kan\u00eb transportuar jasht\u00eb kompleksit, p\u00ebr ta varrosur n\u00eb nj\u00eb vend i cili nuk \u00ebsht\u00eb zbuluar ende nga policia. Hetuesit kan\u00eb dyshime se trupi i 49-vje\u00e7arit mund t\u00eb jet\u00eb asgj\u00ebsuar dhe autor\u00ebt kan\u00eb zhdukur t\u00eb gjitha provat.<\/p>\n<p>Nga ana tjet\u00ebr, Gjykata e Apelit ka rr\u00ebzuar k\u00ebrkes\u00ebn e 5 t\u00eb arrestuarve p\u00ebr rr\u00ebmbimin dhe zhdukjen e Preng\u00ebs q\u00eb k\u00ebrkonin lirin\u00eb, duke l\u00ebn\u00eb n\u00eb fuqi mas\u00ebn e arrestit me burg. N\u00eb burg deri n\u00eb p\u00ebrfundim t\u00eb hetimeve do t\u00eb q\u00ebndrojn\u00eb Bajram dhe dy djemt\u00eb e tij Leonard e Elton Hajrin, menaxheri i kompleksit Olsi Turja dhe Festim Bexhdili.<\/p>\n<p>P\u00ebr ngjarjen e r\u00ebnd\u00eb vijon t\u00eb jet\u00eb n\u00eb k\u00ebrkim Altin Hajri, q\u00eb \u00ebsht\u00eb edhe pronari i kompleksit \u2018Golden\u2019 u q\u00eb sekuestrua m\u00eb 3 Shkurt nga Operacioni Forca e Ligjit.\u00a0 T\u00eb arrestuarit akuzohen p\u00ebr \u201crr\u00ebmbimi ose mbajtja peng e personit\u201d, \u201cfshehja ose asgj\u00ebsimi i kufom\u00ebs\u201d, \u201cveprime q\u00eb pengojn\u00eb zbardhjen e t\u00eb v\u00ebrtet\u00ebs\u201d, \u201cp\u00ebrkrahje e autorit t\u00eb krimit\u201d dhe \u201carm\u00ebmbajtje pa leje\u201d.\/ Tv Klan<\/p>\n<div id=\"rekl-42\"><\/div>\n<p><iframe loading=\"lazy\" src=\"https:\/\/www.youtube.com\/embed\/jyfQ-6MiwLc\" width=\"560\" height=\"315\" frameborder=\"0\" allowfullscreen=\"allowfullscreen\" data-mce-fragment=\"1\"><\/iframe><\/p>\n<\/div>","protected":false},"excerpt":{"rendered":"<p>Ky \u00ebsht\u00eb momenti kur trupi i pajet\u00eb i Jan Preng\u00ebs futet nga dy persona n\u00eb nj\u00eb furgon t\u00eb bardh\u00eb q\u00eb ndodhet i parkuar n\u00eb garazhin e kompleksit \u2018Golden\u2019. Fotot e shk\u00ebputura nga pamjet e kamerave t\u00eb siguris\u00eb tregojn\u00eb momentin kur autor\u00ebt kan\u00eb mb\u00ebshtjell\u00eb me qese trupin e viktim\u00ebs dhe m\u00eb pas e kan\u00eb transportuar jasht\u00eb [&hellip;]<\/p>\n","protected":false},"author":2013,"featured_media":38161,"comment_status":"open","ping_status":"closed","sticky":false,"template":"","format":"standard","meta":{"footnotes":""},"categories":[241,235],"tags":[],"class_list":{"0":"post-122376","1":"post","2":"type-post","3":"status-publish","4":"format-standard","5":"has-post-thumbnail","7":"category-aktualitet","8":"category-vendi"},"_links":{"self":[{"href":"https:\/\/zjarr.tv\/en\/wp-json\/wp\/v2\/posts\/122376","targetHints":{"allow":["GET"]}}],"collection":[{"href":"https:\/\/zjarr.tv\/en\/wp-json\/wp\/v2\/posts"}],"about":[{"href":"https:\/\/zjarr.tv\/en\/wp-json\/wp\/v2\/types\/post"}],"author":[{"embeddable":true,"href":"https:\/\/zjarr.tv\/en\/wp-json\/wp\/v2\/users\/2013"}],"replies":[{"embeddable":true,"href":"https:\/\/zjarr.tv\/en\/wp-json\/wp\/v2\/comments?post=122376"}],"version-history":[{"count":0,"href":"https:\/\/zjarr.tv\/en\/wp-json\/wp\/v2\/posts\/122376\/revisions"}],"wp:featuredmedia":[{"embeddable":true,"href":"https:\/\/zjarr.tv\/en\/wp-json\/wp\/v2\/media\/38161"}],"wp:attachment":[{"href":"https:\/\/zjarr.tv\/en\/wp-json\/wp\/v2\/media?parent=122376"}],"wp:term":[{"taxonomy":"category","embeddable":true,"href":"https:\/\/zjarr.tv\/en\/wp-json\/wp\/v2\/categories?post=122376"},{"taxonomy":"post_tag","embeddable":true,"href":"https:\/\/zjarr.tv\/en\/wp-json\/wp\/v2\/tags?post=122376"}],"curies":[{"name":"wp","href":"https:\/\/api.w.org\/{rel}","templated":true}]}}