{"id":122384,"date":"2020-02-20T11:15:37","date_gmt":"2020-02-20T10:15:37","guid":{"rendered":"https:\/\/zjarr.tv\/?p=122384"},"modified":"2020-02-20T11:15:37","modified_gmt":"2020-02-20T10:15:37","slug":"deputeti-lefter-maliqi-mbeshtet-presidentin-ne-2-mars-te-nisin-protestat-e-qendrueshme","status":"publish","type":"post","link":"https:\/\/zjarr.tv\/en\/deputeti-lefter-maliqi-mbeshtet-presidentin-ne-2-mars-te-nisin-protestat-e-qendrueshme\/","title":{"rendered":"Deputeti Lefter Maliqi mb\u00ebshtet Presidentin: N\u00eb 2 mars t\u00eb nisin protestat e q\u00ebndrueshme"},"content":{"rendered":"<p><em>Lefter Maliqi, nj\u00eb nga deputet\u00ebt e opozit\u00ebs s\u00eb re i \u00ebsht\u00eb bashkuar nism\u00ebs s\u00eb presidentit p\u00ebr zhvillimin e tubimit n\u00eb dy mars. Sipas tij nisma \u00ebsht\u00eb p\u00ebr mbrojtjen e kushtetut\u00ebs dhe p\u00ebr t\u00eb ndalur emigrimin masiv t\u00eb t\u00eb rinjve. Zgjedhjet e reja, tha Maliqi, jan\u00eb mund\u00ebsia m\u00eb e mir\u00eb p\u00ebr daljen nga kriza.<\/em><\/p>\n<p>Deputeti Lefter Maliqi ka dal\u00eb n\u00eb mb\u00ebshtetje t\u00eb thirrjes s\u00eb Presidentit Ilir Meta q\u00eb n\u00eb 2 mars t\u00eb mblidhen t\u00eb gjith\u00eb n\u00eb Bulevardin &#8220;D\u00ebshmor\u00ebt e Kombit&#8221; p\u00ebr t\u00eb firmosur dekretin e par\u00eb kund\u00ebr grushtit t\u00eb shtetit.<\/p>\n<p>Sipas tij n\u00eb 2 mars duhet t\u00eb nisin protestat e q\u00ebndrueshme, deri n\u00eb rr\u00ebzimin e qeveris\u00eb.<\/p>\n<p><strong>Lefter Maliqi:<\/strong><em>\u00a0Edhe thirrjes s\u00eb Presidentit, Ilir Meta un\u00eb do ta mb\u00ebshtes. I b\u00ebj thirrje gjith\u00eb socialist\u00ebve t\u00eb ndersh\u00ebm, gjith\u00eb demokrat\u00ebve, gjith\u00eb mediave, t\u00eb gjith\u00eb aktor\u00ebve, artist\u00ebve, student\u00ebve q\u00eb t\u00eb jen\u00eb n\u00eb 2 mars. Por me nj\u00eb kusht q\u00eb 2 marsi e tutje t\u00eb mos jet\u00eb si ato protesta me drita ndezur, por t\u00eb jen\u00eb protesta t\u00eb q\u00ebndrueshme deri n\u00eb rr\u00ebzimin e k\u00ebtij diktatorit. Jam n\u00eb mbrojtje t\u00eb presidentit vet\u00ebm p\u00ebr nj\u00eb fakt, sepse ka qen\u00eb student i dhjetorit 1990, pavar\u00ebsisht se i sh\u00ebrbeu PS p\u00ebr vite t\u00eb t\u00ebra, duke e fryr\u00eb k\u00ebt\u00eb t\u00eb pacip\u00eb, k\u00ebt\u00eb t\u00eb pangopur me pushtet e \u00e7do gj\u00eb. Ka qen\u00eb student i dhjetorit p\u00ebr rr\u00ebzimin e diktatur\u00ebs dhe mbrojtjen e demokracis\u00eb.<\/em><\/p>\n<p>P\u00ebr zgjidhjen e k\u00ebsaj krize, Maliqi k\u00ebrkoi edhe nd\u00ebrhyrjen e nd\u00ebrkom\u00ebtar\u00ebve.<\/p>\n<p><strong>Lefter Maliqi:\u00a0<\/strong><em>Thirrja ime \u00ebsht\u00eb e drejtp\u00ebrdrejt\u00eb, n\u00eb 2 mars e m\u00eb pas t\u00eb gjith\u00eb socialist\u00ebt miqt\u00eb e mi, p\u00ebrkrah\u00ebsit n\u00eb Berat, por edhe kudo t\u00eb jen\u00eb p\u00ebr fatet e vendit. T\u00eb fitoj\u00eb m\u00eb i miri, nd\u00ebrkomb\u00ebtar\u00ebt t\u00eb nd\u00ebrhyjn\u00eb n\u00eb m\u00ebnyr\u00eb q\u00eb t\u00eb b\u00ebhet nj\u00eb zgjidhje politike sa m\u00eb shpejt, mos ket\u00eb konfrontim fizik dhe vendi t\u00eb kaloj\u00eb n\u00eb zgjedhje t\u00eb lira t\u00eb ndershme t\u00eb parakohshme. \u00a0<\/em><\/p>\n<p>Nj\u00eb thirrje t\u00eb drejtp\u00ebrdrejt\u00eb kishte edhe p\u00ebr Policin\u00eb e Shtetit.<\/p>\n<p><strong>Lefter Maliqi:<\/strong>\u00a0<em>T\u00eb p\u00ebrgjigjet nj\u00eblloj si policia e viteve 91, kur ra busti. T\u00eb distancohet nga urdhrat politik. I b\u00ebj thirrje dhe atij polici nga veriu, q\u00eb p\u00ebrdor gazin lotsjell\u00ebs, kujdes me gazin lotsjell\u00ebs dhe mos iu bashkoni thirrjes politike t\u00eb tyre.<\/em><\/p>\n<p>Ka ardhur momenti p\u00ebr t&#8217;i zgjuar tha Maliqi, n\u00eb m\u00ebnyr\u00eb q\u00eb ta rr\u00ebzojm\u00eb k\u00ebt\u00eb diktator t\u00eb ri.<\/p>","protected":false},"excerpt":{"rendered":"<p>Lefter Maliqi, nj\u00eb nga deputet\u00ebt e opozit\u00ebs s\u00eb re i \u00ebsht\u00eb bashkuar nism\u00ebs s\u00eb presidentit p\u00ebr zhvillimin e tubimit n\u00eb dy mars. Sipas tij nisma \u00ebsht\u00eb p\u00ebr mbrojtjen e kushtetut\u00ebs dhe p\u00ebr t\u00eb ndalur emigrimin masiv t\u00eb t\u00eb rinjve. Zgjedhjet e reja, tha Maliqi, jan\u00eb mund\u00ebsia m\u00eb e mir\u00eb p\u00ebr daljen nga kriza. Deputeti Lefter [&hellip;]<\/p>\n","protected":false},"author":2013,"featured_media":94363,"comment_status":"open","ping_status":"closed","sticky":false,"template":"","format":"standard","meta":{"footnotes":""},"categories":[241,235],"tags":[],"class_list":{"0":"post-122384","1":"post","2":"type-post","3":"status-publish","4":"format-standard","5":"has-post-thumbnail","7":"category-aktualitet","8":"category-vendi"},"_links":{"self":[{"href":"https:\/\/zjarr.tv\/en\/wp-json\/wp\/v2\/posts\/122384","targetHints":{"allow":["GET"]}}],"collection":[{"href":"https:\/\/zjarr.tv\/en\/wp-json\/wp\/v2\/posts"}],"about":[{"href":"https:\/\/zjarr.tv\/en\/wp-json\/wp\/v2\/types\/post"}],"author":[{"embeddable":true,"href":"https:\/\/zjarr.tv\/en\/wp-json\/wp\/v2\/users\/2013"}],"replies":[{"embeddable":true,"href":"https:\/\/zjarr.tv\/en\/wp-json\/wp\/v2\/comments?post=122384"}],"version-history":[{"count":0,"href":"https:\/\/zjarr.tv\/en\/wp-json\/wp\/v2\/posts\/122384\/revisions"}],"wp:featuredmedia":[{"embeddable":true,"href":"https:\/\/zjarr.tv\/en\/wp-json\/wp\/v2\/media\/94363"}],"wp:attachment":[{"href":"https:\/\/zjarr.tv\/en\/wp-json\/wp\/v2\/media?parent=122384"}],"wp:term":[{"taxonomy":"category","embeddable":true,"href":"https:\/\/zjarr.tv\/en\/wp-json\/wp\/v2\/categories?post=122384"},{"taxonomy":"post_tag","embeddable":true,"href":"https:\/\/zjarr.tv\/en\/wp-json\/wp\/v2\/tags?post=122384"}],"curies":[{"name":"wp","href":"https:\/\/api.w.org\/{rel}","templated":true}]}}