{"id":122391,"date":"2020-02-20T11:20:21","date_gmt":"2020-02-20T10:20:21","guid":{"rendered":"https:\/\/zjarr.tv\/?p=122391"},"modified":"2020-02-20T11:20:52","modified_gmt":"2020-02-20T10:20:52","slug":"greva-e-urise-ne-ballsh-naftetaret-kryeministri-nuk-na-shikon","status":"publish","type":"post","link":"https:\/\/zjarr.tv\/en\/greva-e-urise-ne-ballsh-naftetaret-kryeministri-nuk-na-shikon\/","title":{"rendered":"Greva e uris\u00eb n\u00eb Ballsh, naft\u00ebtar\u00ebt: Kryeministri nuk na shikon"},"content":{"rendered":"<p>Grevist\u00ebt e Ballshit jan\u00eb futur n\u00eb dit\u00ebn e kat\u00ebrt t\u00eb grev\u00ebs s\u00eb uris\u00eb.<\/p>\n<p>Ata sot jan\u00eb shprehur se k\u00ebrkojn\u00eb zgjidhjen e situat\u00ebs dhe se nuk jan\u00eb vizituar nga askush tjet\u00ebr ve\u00e7se nga mjek\u00ebt.<\/p>\n<p>\u201c<em>Dita e kat\u00ebrt e grev\u00ebs, ne do vazhdojm\u00eb nuk k\u00ebrkojm\u00eb asgj\u00eb t\u00eb tep\u00ebrt deri n\u00eb zgjidhjen e situat\u00ebs. Nuk ka ardhur askush p\u00ebrve\u00e7 grupit t\u00eb mjek\u00ebve. \u201c<\/em><\/p>\n<p><em>\u201cKryeministri nuk na shikon, pse nuk pyet \u00e7far\u00eb po ndodh me ne, t\u00eb na ndihmoj\u00eb p\u00ebr pagat, k\u00ebrkojm\u00eb pune, i lutemi shtetit t\u00eb ktheje syt\u00eb nga Ballshi t\u00eb pun\u00ebsohen dhe njer\u00ebzit t\u00eb paguajn\u00eb dritat, ujin.\u201d<\/em><\/p>\n<p>Nd\u00ebrkoh\u00eb, dje ata ve\u00e7 buk\u00ebs vendos\u00ebn t\u00eb nd\u00ebrpresin ujin dhe t\u00eb refuzojn\u00eb ndihm\u00ebn mjek\u00ebsore.<\/p>\n<p>Mjek\u00ebt q\u00eb u q\u00ebndrojn\u00eb pran\u00eb u kan\u00eb k\u00ebrkuar t\u00eb nd\u00ebrpresin grev\u00ebn, por ata kan\u00eb refuzuar.<\/p>\n<p>Dje, gjendja e r\u00ebnduar sh\u00ebndet\u00ebsore detyroi nj\u00eb prej naft\u00ebtar\u00ebve t\u00eb nd\u00ebrpres\u00eb grev\u00ebn, nd\u00ebrsa u z\u00ebvend\u00ebsua nga nj\u00eb tjet\u00ebr koleg.<\/p>\n<p>Dhjet\u00eb burrat thon\u00eb se jan\u00eb gati t\u00eb vdesin aty p\u00ebr buk\u00ebn e f\u00ebmij\u00ebve.<\/p>\n<p>Prej 5 muajsh n\u00eb protesta dhe nj\u00eb jave n\u00eb Grev\u00eb, punonj\u00ebsit e Uzin\u00ebs s\u00eb Ballshit kan\u00eb k\u00ebrkuar nd\u00ebrhyrjen e qeveris\u00eb p\u00ebr zgjidhjen e \u00e7\u00ebshtjes s\u00eb pagave dhe rinisjes s\u00eb pun\u00ebs, por si\u00e7 thon\u00eb askush nuk \u00ebsht\u00eb angazhuar.<\/p>\n<p>Rafineria e naft\u00ebs u mbyll pasi kompania q\u00eb e administron thot\u00eb se Bankers Petrolium nuk e furnizon me naft\u00eb bruto<\/p>","protected":false},"excerpt":{"rendered":"<p>Grevist\u00ebt e Ballshit jan\u00eb futur n\u00eb dit\u00ebn e kat\u00ebrt t\u00eb grev\u00ebs s\u00eb uris\u00eb. Ata sot jan\u00eb shprehur se k\u00ebrkojn\u00eb zgjidhjen e situat\u00ebs dhe se nuk jan\u00eb vizituar nga askush tjet\u00ebr ve\u00e7se nga mjek\u00ebt. \u201cDita e kat\u00ebrt e grev\u00ebs, ne do vazhdojm\u00eb nuk k\u00ebrkojm\u00eb asgj\u00eb t\u00eb tep\u00ebrt deri n\u00eb zgjidhjen e situat\u00ebs. Nuk ka ardhur askush [&hellip;]<\/p>\n","protected":false},"author":2013,"featured_media":122285,"comment_status":"open","ping_status":"closed","sticky":false,"template":"","format":"standard","meta":{"footnotes":""},"categories":[241,235],"tags":[],"class_list":{"0":"post-122391","1":"post","2":"type-post","3":"status-publish","4":"format-standard","5":"has-post-thumbnail","7":"category-aktualitet","8":"category-vendi"},"_links":{"self":[{"href":"https:\/\/zjarr.tv\/en\/wp-json\/wp\/v2\/posts\/122391","targetHints":{"allow":["GET"]}}],"collection":[{"href":"https:\/\/zjarr.tv\/en\/wp-json\/wp\/v2\/posts"}],"about":[{"href":"https:\/\/zjarr.tv\/en\/wp-json\/wp\/v2\/types\/post"}],"author":[{"embeddable":true,"href":"https:\/\/zjarr.tv\/en\/wp-json\/wp\/v2\/users\/2013"}],"replies":[{"embeddable":true,"href":"https:\/\/zjarr.tv\/en\/wp-json\/wp\/v2\/comments?post=122391"}],"version-history":[{"count":0,"href":"https:\/\/zjarr.tv\/en\/wp-json\/wp\/v2\/posts\/122391\/revisions"}],"wp:featuredmedia":[{"embeddable":true,"href":"https:\/\/zjarr.tv\/en\/wp-json\/wp\/v2\/media\/122285"}],"wp:attachment":[{"href":"https:\/\/zjarr.tv\/en\/wp-json\/wp\/v2\/media?parent=122391"}],"wp:term":[{"taxonomy":"category","embeddable":true,"href":"https:\/\/zjarr.tv\/en\/wp-json\/wp\/v2\/categories?post=122391"},{"taxonomy":"post_tag","embeddable":true,"href":"https:\/\/zjarr.tv\/en\/wp-json\/wp\/v2\/tags?post=122391"}],"curies":[{"name":"wp","href":"https:\/\/api.w.org\/{rel}","templated":true}]}}