{"id":122395,"date":"2020-02-20T11:22:11","date_gmt":"2020-02-20T10:22:11","guid":{"rendered":"https:\/\/zjarr.tv\/?p=122395"},"modified":"2020-02-20T11:22:11","modified_gmt":"2020-02-20T10:22:11","slug":"opozita-propozon-moratorium-per-gjyqtaret-e-zgjedhjeve-vettingu-te-nise-pas-mbarimit-te-mandatit-4-vjecar","status":"publish","type":"post","link":"https:\/\/zjarr.tv\/en\/opozita-propozon-moratorium-per-gjyqtaret-e-zgjedhjeve-vettingu-te-nise-pas-mbarimit-te-mandatit-4-vjecar\/","title":{"rendered":"Opozita propozon moratorium p\u00ebr gjyqtar\u00ebt e zgjedhjeve: Vettingu t\u00eb nis\u00eb pas mbarimit t\u00eb mandatit 4-vje\u00e7ar"},"content":{"rendered":"<div class=\"post-content\">\n<p>P\u00ebrfaq\u00ebsuesit e opozit\u00ebs n\u00eb grupin politik t\u00eb reform\u00ebs zgjedhore kan\u00eb paraqitur nj\u00eb draft ligjor, q\u00eb synon zbatimin e rekomandimit prioritar t\u00eb ODIHR-it p\u00ebr k\u00ebt\u00eb \u00e7\u00ebshtje, duke nxjerr\u00eb jasht\u00eb presionit t\u00eb vettingut gjykat\u00ebn q\u00eb do t\u00eb vendos\u00eb p\u00ebr ankesat e procesit.<\/p>\n<p>Damian Gjiknuri, Rudina Hajdari si dhe nga p\u00ebrfaq\u00ebsuesit e opozit\u00ebs, Oerd Bylykbashi dhe Petrit Vasili, takohen sot p\u00ebr t\u00eb diskutuar nj\u00eb nga \u00e7\u00ebshtjet kryesore t\u00eb procesit zgjedhor, ankimimet n\u00eb gjykat\u00eb. M\u00ebsohet se opozita ka paraqitur nj\u00eb draft ligjor, q\u00eb synon zbatimin e rekomandimit prioritar t\u00eb ODIHR-it p\u00ebr k\u00ebt\u00eb \u00e7\u00ebshtje, duke nxjerr\u00eb jasht\u00eb presionit t\u00eb vettingut gjykat\u00ebn q\u00eb do t\u00eb vendos\u00eb p\u00ebr ankesat e procesit.<\/p>\n<p>ODIHR thot\u00eb se Kolegji Zgjedhor ishte n\u00ebn presionin e vettingut dhe p\u00ebr k\u00ebt\u00eb shkak nga 8 an\u00ebtar\u00eb, ai mori vendime me 6 an\u00ebtar\u00eb. Prishja e k\u00ebtij mekanizmi ndikon negativisht p\u00ebr nj\u00eb proces t\u00eb lir\u00eb dhe demokratik. Gjithashtu, ODIHR v\u00eb n\u00eb dukje se, p\u00ebr shkak t\u00eb vettingut, edhe Gjykata Kushtetuese nuk ishte funksionale dhe nuk mundi t\u00eb shqyrtoj\u00eb \u00e7\u00ebshtje t\u00eb karakterit kushtetues n\u00eb raport me zgjedhjet. P\u00ebr k\u00ebto arsye, ODIHR b\u00ebri rekomandimin prioritar, i cili k\u00ebrkon q\u00eb reforma zgjedhore t\u00eb garantoj\u00eb nj\u00eb gjykat\u00eb funksionale dhe t\u00eb pavarur n\u00eb procesin zgjedhor.<\/p>\n<p>N\u00eb zbatim t\u00eb k\u00ebtij rekomandimi, opozita propozon moratorium 4 vje\u00e7ar nga vettingu p\u00ebr gjyqtar\u00ebt q\u00eb b\u00ebhen pjes\u00eb e trup\u00ebs, e cila do t\u00eb shqyrtoj\u00eb ankimimet n\u00eb procesin zgjedhor.<\/p>\n<p>Aktualisht \u00ebsht\u00eb e pamundur q\u00eb trupa gjyq\u00ebsore p\u00ebr zgjedhjet t\u00eb jet\u00eb e pandikuar dhe jasht\u00eb presionit t\u00eb vettingut, si\u00e7 k\u00ebrkon ODIHR, pasi procesi nuk ka nj\u00eb radh\u00eb t\u00eb fiksuar se kush gjyqtar kalon m\u00eb vetting, duke b\u00ebr\u00eb q\u00eb t\u00eb gjith\u00eb t\u00eb jen\u00eb t\u00eb ekspozuar ndaj vendimit t\u00eb papritur t\u00eb Komisionit t\u00eb Vettingut, nd\u00ebrkoh\u00eb q\u00eb gjyqtari mund t\u00eb jet\u00eb duke marr\u00eb nj\u00eb vendim t\u00eb r\u00ebnd\u00ebsish\u00ebm p\u00ebr zgjedhjet.<\/p>\n<p>PD dhe opozita propozojn\u00eb q\u00eb vettingu p\u00ebr k\u00ebta gjyqtar\u00eb t\u00eb nis\u00eb me mbarimin e mandatit 4 vje\u00e7ar n\u00eb gjykat\u00ebn e zgjedhjeve. Sipas llogarive t\u00eb opozit\u00ebs, moratoriumi prek nj\u00eb num\u00ebr t\u00eb pap\u00ebrfillsh\u00ebm t\u00eb gjyqtar\u00ebve 2-4 p\u00ebrqind t\u00eb tyre, n\u00eb var\u00ebsi t\u00eb numrit t\u00eb an\u00ebtar\u00ebve t\u00eb k\u00ebsaj trupe 8 ose 15.<\/p>\n<p>Aktualisht, Kolegji Zgjedhor krijohet nga gjyqtar\u00eb t\u00eb Apelit, por duke qen\u00eb se ata jan\u00eb n\u00eb vetting prioritar, pra n\u00eb presion t\u00eb vazhduesh\u00ebm, sipas ODIHR-it, Partia Demokratike propozon zgjerimin e baz\u00ebs s\u00eb gjyqtar\u00ebve edhe n\u00eb shkall\u00ebn e par\u00eb. P\u00ebrve\u00e7 p\u00ebrmbushjes s\u00eb disa kritereve t\u00eb integritetit profesional, ata duhet t\u00eb ken\u00eb t\u00eb pakt\u00ebn 7 vjet eksperienc\u00eb pune, q\u00eb \u00ebsht\u00eb kriter barazues me gjyqtar\u00ebt e apelit.<\/p>\n<\/div>","protected":false},"excerpt":{"rendered":"<p>P\u00ebrfaq\u00ebsuesit e opozit\u00ebs n\u00eb grupin politik t\u00eb reform\u00ebs zgjedhore kan\u00eb paraqitur nj\u00eb draft ligjor, q\u00eb synon zbatimin e rekomandimit prioritar t\u00eb ODIHR-it p\u00ebr k\u00ebt\u00eb \u00e7\u00ebshtje, duke nxjerr\u00eb jasht\u00eb presionit t\u00eb vettingut gjykat\u00ebn q\u00eb do t\u00eb vendos\u00eb p\u00ebr ankesat e procesit. Damian Gjiknuri, Rudina Hajdari si dhe nga p\u00ebrfaq\u00ebsuesit e opozit\u00ebs, Oerd Bylykbashi dhe Petrit Vasili, [&hellip;]<\/p>\n","protected":false},"author":2013,"featured_media":122396,"comment_status":"open","ping_status":"closed","sticky":false,"template":"","format":"standard","meta":{"footnotes":""},"categories":[241,235],"tags":[],"class_list":{"0":"post-122395","1":"post","2":"type-post","3":"status-publish","4":"format-standard","5":"has-post-thumbnail","7":"category-aktualitet","8":"category-vendi"},"_links":{"self":[{"href":"https:\/\/zjarr.tv\/en\/wp-json\/wp\/v2\/posts\/122395","targetHints":{"allow":["GET"]}}],"collection":[{"href":"https:\/\/zjarr.tv\/en\/wp-json\/wp\/v2\/posts"}],"about":[{"href":"https:\/\/zjarr.tv\/en\/wp-json\/wp\/v2\/types\/post"}],"author":[{"embeddable":true,"href":"https:\/\/zjarr.tv\/en\/wp-json\/wp\/v2\/users\/2013"}],"replies":[{"embeddable":true,"href":"https:\/\/zjarr.tv\/en\/wp-json\/wp\/v2\/comments?post=122395"}],"version-history":[{"count":0,"href":"https:\/\/zjarr.tv\/en\/wp-json\/wp\/v2\/posts\/122395\/revisions"}],"wp:featuredmedia":[{"embeddable":true,"href":"https:\/\/zjarr.tv\/en\/wp-json\/wp\/v2\/media\/122396"}],"wp:attachment":[{"href":"https:\/\/zjarr.tv\/en\/wp-json\/wp\/v2\/media?parent=122395"}],"wp:term":[{"taxonomy":"category","embeddable":true,"href":"https:\/\/zjarr.tv\/en\/wp-json\/wp\/v2\/categories?post=122395"},{"taxonomy":"post_tag","embeddable":true,"href":"https:\/\/zjarr.tv\/en\/wp-json\/wp\/v2\/tags?post=122395"}],"curies":[{"name":"wp","href":"https:\/\/api.w.org\/{rel}","templated":true}]}}