{"id":122398,"date":"2020-02-20T11:24:13","date_gmt":"2020-02-20T10:24:13","guid":{"rendered":"https:\/\/zjarr.tv\/?p=122398"},"modified":"2020-02-20T11:24:13","modified_gmt":"2020-02-20T10:24:13","slug":"te-rinjte-e-frpd-se-sot-proteste-para-kryeministrise","status":"publish","type":"post","link":"https:\/\/zjarr.tv\/en\/te-rinjte-e-frpd-se-sot-proteste-para-kryeministrise\/","title":{"rendered":"T\u00eb rinjt\u00eb e FRPD-s\u00eb, sot protest\u00eb para Kryeministris\u00eb"},"content":{"rendered":"<p>Sezoni i ri i protestave t\u00eb opozit\u00ebs duket se do t\u00eb hapet nga t\u00eb rinjt\u00eb. Forumi Rinor i Partis\u00eb Demokratike ka thirrur nj\u00eb protest\u00eb sot n\u00eb or\u00ebn 12:30 para Kryeministris\u00eb.<\/p>\n<p>Nj\u00eb dit\u00eb m\u00eb par\u00eb Basha tha se rotacioni politik i pashmangsh\u00ebm, por duhet t\u00eb vij\u00eb pa kosto p\u00ebr qytetar\u00ebt.<\/p>\n<p><strong><em>Lulzim Basha:<\/em><\/strong><em>\u00a0Nuk ka forc\u00eb mbi k\u00ebt\u00eb dhe q\u00eb do t\u00eb ndal\u00eb rrotacionin. Edi Rama i ka b\u00ebr\u00eb hesapet gabim, ja kam th\u00ebn\u00eb para nj\u00eb muaji dhe po ja p\u00ebrs\u00ebris, nuk ka forc\u00eb mbi tok\u00eb ta ndal\u00eb rrotacionin. Un\u00eb mbetem i p\u00ebrkushtuar q\u00eb procesin ta p\u00ebrfundoj me mjete politike, p\u00ebr hir t\u00eb vendit, stabilitetit, k\u00ebtyre familjar\u00ebve dhe f\u00ebmij\u00ebve t\u00eb tyre duhet q\u00eb kjo t\u00eb vij\u00eb pa kosto p\u00ebr shqiptar\u00ebt. Boll kan\u00eb paguar kosto, 30 vjet kosto rrotacion pas rrotacioni.<\/em><\/p>\n<p>Lulzim Basha tha se opozita momentalisht \u00ebsht\u00eb p\u00ebrqendruar tek instrumentat politik q\u00eb diktohen edhe nga Bundestagu gjerman, nd\u00ebrsa i b\u00ebri apel shqiptar\u00ebve q\u00eb t\u00eb jen\u00eb bashk\u00eb n\u00eb rezistenc\u00ebn kund\u00ebr kapjes s\u00eb Gjykat\u00ebs Kushtetuese dhe mbrojtjes s\u00eb demokracis\u00eb.<\/p>","protected":false},"excerpt":{"rendered":"<p>Sezoni i ri i protestave t\u00eb opozit\u00ebs duket se do t\u00eb hapet nga t\u00eb rinjt\u00eb. Forumi Rinor i Partis\u00eb Demokratike ka thirrur nj\u00eb protest\u00eb sot n\u00eb or\u00ebn 12:30 para Kryeministris\u00eb. Nj\u00eb dit\u00eb m\u00eb par\u00eb Basha tha se rotacioni politik i pashmangsh\u00ebm, por duhet t\u00eb vij\u00eb pa kosto p\u00ebr qytetar\u00ebt. Lulzim Basha:\u00a0Nuk ka forc\u00eb mbi k\u00ebt\u00eb [&hellip;]<\/p>\n","protected":false},"author":2013,"featured_media":74227,"comment_status":"open","ping_status":"closed","sticky":false,"template":"","format":"standard","meta":{"footnotes":""},"categories":[241,235],"tags":[],"class_list":{"0":"post-122398","1":"post","2":"type-post","3":"status-publish","4":"format-standard","5":"has-post-thumbnail","7":"category-aktualitet","8":"category-vendi"},"_links":{"self":[{"href":"https:\/\/zjarr.tv\/en\/wp-json\/wp\/v2\/posts\/122398","targetHints":{"allow":["GET"]}}],"collection":[{"href":"https:\/\/zjarr.tv\/en\/wp-json\/wp\/v2\/posts"}],"about":[{"href":"https:\/\/zjarr.tv\/en\/wp-json\/wp\/v2\/types\/post"}],"author":[{"embeddable":true,"href":"https:\/\/zjarr.tv\/en\/wp-json\/wp\/v2\/users\/2013"}],"replies":[{"embeddable":true,"href":"https:\/\/zjarr.tv\/en\/wp-json\/wp\/v2\/comments?post=122398"}],"version-history":[{"count":0,"href":"https:\/\/zjarr.tv\/en\/wp-json\/wp\/v2\/posts\/122398\/revisions"}],"wp:featuredmedia":[{"embeddable":true,"href":"https:\/\/zjarr.tv\/en\/wp-json\/wp\/v2\/media\/74227"}],"wp:attachment":[{"href":"https:\/\/zjarr.tv\/en\/wp-json\/wp\/v2\/media?parent=122398"}],"wp:term":[{"taxonomy":"category","embeddable":true,"href":"https:\/\/zjarr.tv\/en\/wp-json\/wp\/v2\/categories?post=122398"},{"taxonomy":"post_tag","embeddable":true,"href":"https:\/\/zjarr.tv\/en\/wp-json\/wp\/v2\/tags?post=122398"}],"curies":[{"name":"wp","href":"https:\/\/api.w.org\/{rel}","templated":true}]}}