{"id":122400,"date":"2020-02-20T11:25:56","date_gmt":"2020-02-20T10:25:56","guid":{"rendered":"https:\/\/zjarr.tv\/?p=122400"},"modified":"2020-02-20T11:25:56","modified_gmt":"2020-02-20T10:25:56","slug":"basha-20-shkurti-eshte-dita-e-forces-dhe-kurajes","status":"publish","type":"post","link":"https:\/\/zjarr.tv\/en\/basha-20-shkurti-eshte-dita-e-forces-dhe-kurajes\/","title":{"rendered":"Basha: 20 shkurti \u00ebsht\u00eb dita e forc\u00ebs dhe kuraj\u00ebs"},"content":{"rendered":"<p>Kryetari i Partis\u00eb Demokratike, Lulzim Basha, reagoi me nj\u00eb mesazh p\u00ebr 20 Shkurtin, dit\u00ebn e rr\u00ebzimit t\u00eb bustit t\u00eb diktatorit Enver Hoxha.<\/p>\n<p><em>\u201c20 shkurti \u00ebsht\u00eb dita p\u00ebr t\u00eb kujtuar me respekt t\u00eb gjith\u00eb ata student\u00eb dhe qytetar\u00eb q\u00eb shemb\u00ebn simbolin e fundit komunist n\u00eb Europ\u00eb duke rr\u00ebzuar bustin e diktatorit.<\/em><\/p>\n<p><em>Sot ne kujtojm\u00eb me krenari duke nderuar \u00e7do shqiptar q\u00eb n\u00eb 20 shkurt mposhti frik\u00ebn e komunizmit.<\/em><\/p>\n<p><em>20 shkurti \u00ebsht\u00eb dita e forc\u00ebs dhe e kuraj\u00ebs, dhe hapi i par\u00eb n\u00eb sh\u00ebrbimin ndaj Shqip\u00ebris\u00eb s\u00eb lir\u00eb dhe demokratike. Sepse \u00e7do shqiptar, si 29 vjet me par\u00eb dhe sot ka ende nj\u00eb q\u00ebllim madhor: ta b\u00ebjm\u00eb Shqip\u00ebrin\u00eb si Europa. #20shkurt #DiteMeTeMira\u201d\u00a0<\/em>shkruan Basha, me mesazhin n\u00eb foto: Never Enver.<\/p>\n<div id=\"rekl-42\"><\/div>\n<p><img decoding=\"async\" src=\"https:\/\/www.syri.net\/uploads\/syri.net\/images\/2020\/February\/20\/auto_basha1582188924.jpg\" alt=\"Image\" \/><\/p>","protected":false},"excerpt":{"rendered":"<p>Kryetari i Partis\u00eb Demokratike, Lulzim Basha, reagoi me nj\u00eb mesazh p\u00ebr 20 Shkurtin, dit\u00ebn e rr\u00ebzimit t\u00eb bustit t\u00eb diktatorit Enver Hoxha. \u201c20 shkurti \u00ebsht\u00eb dita p\u00ebr t\u00eb kujtuar me respekt t\u00eb gjith\u00eb ata student\u00eb dhe qytetar\u00eb q\u00eb shemb\u00ebn simbolin e fundit komunist n\u00eb Europ\u00eb duke rr\u00ebzuar bustin e diktatorit. Sot ne kujtojm\u00eb me krenari [&hellip;]<\/p>\n","protected":false},"author":2013,"featured_media":112899,"comment_status":"open","ping_status":"closed","sticky":false,"template":"","format":"standard","meta":{"footnotes":""},"categories":[241,235],"tags":[],"class_list":{"0":"post-122400","1":"post","2":"type-post","3":"status-publish","4":"format-standard","5":"has-post-thumbnail","7":"category-aktualitet","8":"category-vendi"},"_links":{"self":[{"href":"https:\/\/zjarr.tv\/en\/wp-json\/wp\/v2\/posts\/122400","targetHints":{"allow":["GET"]}}],"collection":[{"href":"https:\/\/zjarr.tv\/en\/wp-json\/wp\/v2\/posts"}],"about":[{"href":"https:\/\/zjarr.tv\/en\/wp-json\/wp\/v2\/types\/post"}],"author":[{"embeddable":true,"href":"https:\/\/zjarr.tv\/en\/wp-json\/wp\/v2\/users\/2013"}],"replies":[{"embeddable":true,"href":"https:\/\/zjarr.tv\/en\/wp-json\/wp\/v2\/comments?post=122400"}],"version-history":[{"count":0,"href":"https:\/\/zjarr.tv\/en\/wp-json\/wp\/v2\/posts\/122400\/revisions"}],"wp:featuredmedia":[{"embeddable":true,"href":"https:\/\/zjarr.tv\/en\/wp-json\/wp\/v2\/media\/112899"}],"wp:attachment":[{"href":"https:\/\/zjarr.tv\/en\/wp-json\/wp\/v2\/media?parent=122400"}],"wp:term":[{"taxonomy":"category","embeddable":true,"href":"https:\/\/zjarr.tv\/en\/wp-json\/wp\/v2\/categories?post=122400"},{"taxonomy":"post_tag","embeddable":true,"href":"https:\/\/zjarr.tv\/en\/wp-json\/wp\/v2\/tags?post=122400"}],"curies":[{"name":"wp","href":"https:\/\/api.w.org\/{rel}","templated":true}]}}