{"id":122411,"date":"2020-02-20T11:55:54","date_gmt":"2020-02-20T10:55:54","guid":{"rendered":"https:\/\/zjarr.tv\/?p=122411"},"modified":"2020-02-20T11:55:54","modified_gmt":"2020-02-20T10:55:54","slug":"shtyhet-serish-seanca-ne-apel-per-grupin-e-shullazit","status":"publish","type":"post","link":"https:\/\/zjarr.tv\/en\/shtyhet-serish-seanca-ne-apel-per-grupin-e-shullazit\/","title":{"rendered":"Shtyhet s\u00ebrish seanca n\u00eb Apel p\u00ebr grupin e Shullazit"},"content":{"rendered":"<p>Shtyhet s\u00ebrish gjyqi kund\u00ebr Emiljano Shullazit dhe an\u00ebtar\u00ebt e tjer\u00eb t\u00eb grupit t\u00eb tij n\u00eb Gjykat\u00ebn p\u00ebr Krimin e Organizuar dhe Korrupsionin. Shtyrja e gjyqit u b\u00eb p\u00ebr shkak t\u00eb mosformimit t\u00eb trup\u00ebs, pasi K\u00ebshilli i Lart\u00eb Gjyq\u00ebsor ende nuk \u00ebsht\u00eb shprehur n\u00ebse Etleva Temo dhe Artur Kalaja q\u00eb jan\u00eb nga Apelet e rretheve mund t\u00eb gjykojn\u00eb si an\u00ebtar t\u00eb Gjykat\u00ebs s\u00eb posa\u00e7me t\u00eb Apelit.<\/p>\n<p>Prej m\u00eb shum\u00eb se nj\u00eb viti procesi ka ngecur n\u00eb Apel, ku Shullazi dhe grupi i tij apeluan vendimin e shkall\u00ebs s\u00eb par\u00eb. Emiljano Shullazi u d\u00ebnua nga Shkalla e Par\u00eb e Krimeve t\u00eb R\u00ebnda me 14 vite burg, nd\u00ebrsa grupi n\u00eb total me 55 me p\u00ebr krijim t\u00eb grupit t\u00eb strukturat kriminal, gjobv\u00ebnie dhe kanosje p\u00ebr shkak t\u00eb detyr\u00ebs. Tashm\u00eb dosja ndodhet n\u00eb Gjykat\u00ebn e Apelit Kund\u00ebr Krimit t\u00eb Organizuar dhe Korrupsionit.<\/p>\n<div id=\"rekl-13\"><\/div>","protected":false},"excerpt":{"rendered":"<p>Shtyhet s\u00ebrish gjyqi kund\u00ebr Emiljano Shullazit dhe an\u00ebtar\u00ebt e tjer\u00eb t\u00eb grupit t\u00eb tij n\u00eb Gjykat\u00ebn p\u00ebr Krimin e Organizuar dhe Korrupsionin. Shtyrja e gjyqit u b\u00eb p\u00ebr shkak t\u00eb mosformimit t\u00eb trup\u00ebs, pasi K\u00ebshilli i Lart\u00eb Gjyq\u00ebsor ende nuk \u00ebsht\u00eb shprehur n\u00ebse Etleva Temo dhe Artur Kalaja q\u00eb jan\u00eb nga Apelet e rretheve mund [&hellip;]<\/p>\n","protected":false},"author":2013,"featured_media":63638,"comment_status":"open","ping_status":"closed","sticky":false,"template":"","format":"standard","meta":{"footnotes":""},"categories":[241,235],"tags":[],"class_list":{"0":"post-122411","1":"post","2":"type-post","3":"status-publish","4":"format-standard","5":"has-post-thumbnail","7":"category-aktualitet","8":"category-vendi"},"_links":{"self":[{"href":"https:\/\/zjarr.tv\/en\/wp-json\/wp\/v2\/posts\/122411","targetHints":{"allow":["GET"]}}],"collection":[{"href":"https:\/\/zjarr.tv\/en\/wp-json\/wp\/v2\/posts"}],"about":[{"href":"https:\/\/zjarr.tv\/en\/wp-json\/wp\/v2\/types\/post"}],"author":[{"embeddable":true,"href":"https:\/\/zjarr.tv\/en\/wp-json\/wp\/v2\/users\/2013"}],"replies":[{"embeddable":true,"href":"https:\/\/zjarr.tv\/en\/wp-json\/wp\/v2\/comments?post=122411"}],"version-history":[{"count":0,"href":"https:\/\/zjarr.tv\/en\/wp-json\/wp\/v2\/posts\/122411\/revisions"}],"wp:featuredmedia":[{"embeddable":true,"href":"https:\/\/zjarr.tv\/en\/wp-json\/wp\/v2\/media\/63638"}],"wp:attachment":[{"href":"https:\/\/zjarr.tv\/en\/wp-json\/wp\/v2\/media?parent=122411"}],"wp:term":[{"taxonomy":"category","embeddable":true,"href":"https:\/\/zjarr.tv\/en\/wp-json\/wp\/v2\/categories?post=122411"},{"taxonomy":"post_tag","embeddable":true,"href":"https:\/\/zjarr.tv\/en\/wp-json\/wp\/v2\/tags?post=122411"}],"curies":[{"name":"wp","href":"https:\/\/api.w.org\/{rel}","templated":true}]}}