{"id":122422,"date":"2020-02-20T15:49:27","date_gmt":"2020-02-20T14:49:27","guid":{"rendered":"https:\/\/zjarr.tv\/?p=122422"},"modified":"2020-02-20T15:49:27","modified_gmt":"2020-02-20T14:49:27","slug":"te-rinjte-e-frpd-se-proteste-para-kryeministrise-po-lind-nje-diktator-i-ri","status":"publish","type":"post","link":"https:\/\/zjarr.tv\/en\/te-rinjte-e-frpd-se-proteste-para-kryeministrise-po-lind-nje-diktator-i-ri\/","title":{"rendered":"T\u00eb rinjt\u00eb e FRPD-s\u00eb, protest\u00eb para Kryeministris\u00eb: Po lind nj\u00eb diktator i ri"},"content":{"rendered":"<p>T\u00eb rinjt\u00eb e Forumit Rinor t\u00eb Partis\u00eb Demokratik kan\u00eb zgjidhur 29-vjetorin e rr\u00ebzimit t\u00eb bustit t\u00eb diktatorit Enver Hoxha p\u00ebr t\u00eb zhvilluar nj\u00eb protest\u00eb para Kryeministris\u00eb.<\/p>\n<p>Protesta e tyre vjen edhe pak dita para 2 marsit, dit\u00ebs ku Presidenti Ilir Meta ka paralajm\u00ebruar nj\u00eb tubim n\u00eb Bulevardin D\u00ebshmor\u00ebt e Kombit.<\/p>\n<p>Kreu i FRPD, Belind K\u00eblli\u00e7i u shpreh se PD do ta sjell\u00eb ndryshimin.<\/p>\n<p><em>&#8220;PD do t\u00eb sjell\u00eb ndryshimin. Hapi i par\u00eb do t\u00eb jet\u00eb anulimi i ligjit t\u00eb lart\u00eb. Do to miratoj\u00eb nj\u00eb ligj q\u00eb i sh\u00ebrben t\u00eb rinjve. N\u00eb Shqip\u00ebri n\u00ebn drejtimin e PD do t\u00eb vlojn\u00eb idet\u00eb, do t\u00eb g\u00ebzojn\u00eb m\u00eb t\u00eb mir\u00eb dhe do t\u00eb ket\u00eb vitalitet e shpres\u00eb&#8221;.<\/em><\/p>\n<p><em>&#8220;Nj\u00eb diktator i ri po lind n\u00eb vend, i cili ka vrar\u00eb shpres\u00ebn e t\u00eb rinjve q\u00eb jan\u00eb detyruar t\u00eb largohen nga vendi<\/em>&#8220;, tha nj\u00eb prej t\u00eb rinjve gjat\u00eb fjal\u00ebs s\u00eb tij.<\/p>\n<p><em>&#8220;T\u00eb rinjt\u00eb nuk p\u00ebrfaq\u00ebsohen nga kjo qeveri e dal\u00eb nga krimi&#8221;,<\/em>\u00a0u shpreh nj\u00eb tjet\u00ebr i ri, student n\u00eb Fakultetin e Mjek\u00ebsis\u00eb, i cili theksoi se shqiptar\u00ebt nuk e marrin ashtu si\u00e7 duhet sh\u00ebrbimin sh\u00ebndet\u00ebsor.<\/p>\n<p><img decoding=\"async\" class=\"fr-fic fr-dib\" src=\"https:\/\/www.oranews.tv\/storage\/app\/media\/home\/ora\/public_html\/storage\/app\/media\/2020\/02\/20\/FRPD-proteste5.jpg\" data-result=\"success\" \/><\/p>","protected":false},"excerpt":{"rendered":"<p>T\u00eb rinjt\u00eb e Forumit Rinor t\u00eb Partis\u00eb Demokratik kan\u00eb zgjidhur 29-vjetorin e rr\u00ebzimit t\u00eb bustit t\u00eb diktatorit Enver Hoxha p\u00ebr t\u00eb zhvilluar nj\u00eb protest\u00eb para Kryeministris\u00eb. Protesta e tyre vjen edhe pak dita para 2 marsit, dit\u00ebs ku Presidenti Ilir Meta ka paralajm\u00ebruar nj\u00eb tubim n\u00eb Bulevardin D\u00ebshmor\u00ebt e Kombit. Kreu i FRPD, Belind K\u00eblli\u00e7i [&hellip;]<\/p>\n","protected":false},"author":2013,"featured_media":122423,"comment_status":"open","ping_status":"closed","sticky":false,"template":"","format":"standard","meta":{"footnotes":""},"categories":[241,235],"tags":[],"class_list":{"0":"post-122422","1":"post","2":"type-post","3":"status-publish","4":"format-standard","5":"has-post-thumbnail","7":"category-aktualitet","8":"category-vendi"},"_links":{"self":[{"href":"https:\/\/zjarr.tv\/en\/wp-json\/wp\/v2\/posts\/122422","targetHints":{"allow":["GET"]}}],"collection":[{"href":"https:\/\/zjarr.tv\/en\/wp-json\/wp\/v2\/posts"}],"about":[{"href":"https:\/\/zjarr.tv\/en\/wp-json\/wp\/v2\/types\/post"}],"author":[{"embeddable":true,"href":"https:\/\/zjarr.tv\/en\/wp-json\/wp\/v2\/users\/2013"}],"replies":[{"embeddable":true,"href":"https:\/\/zjarr.tv\/en\/wp-json\/wp\/v2\/comments?post=122422"}],"version-history":[{"count":0,"href":"https:\/\/zjarr.tv\/en\/wp-json\/wp\/v2\/posts\/122422\/revisions"}],"wp:featuredmedia":[{"embeddable":true,"href":"https:\/\/zjarr.tv\/en\/wp-json\/wp\/v2\/media\/122423"}],"wp:attachment":[{"href":"https:\/\/zjarr.tv\/en\/wp-json\/wp\/v2\/media?parent=122422"}],"wp:term":[{"taxonomy":"category","embeddable":true,"href":"https:\/\/zjarr.tv\/en\/wp-json\/wp\/v2\/categories?post=122422"},{"taxonomy":"post_tag","embeddable":true,"href":"https:\/\/zjarr.tv\/en\/wp-json\/wp\/v2\/tags?post=122422"}],"curies":[{"name":"wp","href":"https:\/\/api.w.org\/{rel}","templated":true}]}}