{"id":122425,"date":"2020-02-20T15:52:00","date_gmt":"2020-02-20T14:52:00","guid":{"rendered":"https:\/\/zjarr.tv\/?p=122425"},"modified":"2020-02-20T15:52:00","modified_gmt":"2020-02-20T14:52:00","slug":"vasili-damian-gjiknuri-provokon-bllokimin-e-reformes-zgjedhore","status":"publish","type":"post","link":"https:\/\/zjarr.tv\/en\/vasili-damian-gjiknuri-provokon-bllokimin-e-reformes-zgjedhore\/","title":{"rendered":"Vasili: Damian Gjiknuri provokon bllokimin e Reform\u00ebs Zgjedhore!"},"content":{"rendered":"<p>Tryeza e sotme p\u00ebr Reform\u00ebn Zgjedhore duket se \u00ebsht\u00eb zhvilluar me debate. N\u00eb mbledhjen e sotme u diskutua p\u00ebr Kolegjin Zgjedhor Gjyq\u00ebsor.<\/p>\n<p>Opozita ka parashtruar draftin q\u00eb parashikon moratorium 4-vje\u00e7ar nga vettingu p\u00ebr gjyqtar\u00ebt e zgjedhjeve.<\/p>\n<p>Nd\u00ebrkoh\u00eb, ashtu si\u00e7 u shpreh Oerd Bylykbashi se ky propozim u prit ashp\u00ebr nga mazhoramca. T\u00eb nj\u00ebjt\u00ebn gj\u00eb pohon edhe p\u00ebrfaq\u00ebsuesi i LSI n\u00eb k\u00ebt\u00eb tryez\u00eb.<\/p>\n<p>Petrit Vasili, n\u00eb nj\u00eb postim n\u00eb rrjetet sociale shprehet se \u2018Damian Gjiknuri provokon bllokimin e Reformes Zgjedhore\u2019.<\/p>\n<p>Reagimi i plot\u00eb i Petrit Vasilit:<\/p>\n<p>Damian Gjiknuri provokon bllokimin e Reformes Zgjedhore!<\/p>\n<p>Eshte e qarte qe Gjiknuri dhe Rama kane vetem nje mision te bllokojne reformen zgjedhore.<\/p>\n<p>Gjiknuri kerkon te bllokoje tranparencen e votes se lire dhe te ndershme duke u fshehur pas pallavrave edramiste per reformen ne drejtesi dhe shashkave propagandistike bajate.<\/p>\n<p>Gjiknuri kerkon te pengoje propozimet e opozites se bashkuar per reformen zgjedhore, per pastrimin e zgjedhjeve te ardhshme nga llumi i turpit te dosjes 184 dhe 339.<\/p>\n<p>Gjiknuri e Rama si peng te \u2018\u00e7unave problematike\u2019 te Dibres dhe te Shijakut kane vetem nje interes ate qe te bllokojne me cdo forme reformen zgjedhore.<\/p>\n<p>Rilindja nuk e bllokon dot reformen zgjedhore edhe sikur ne vend te Gjiknurit te sjelle furgonin e \u2018\u00e7unave problematike\u2019.<\/p>","protected":false},"excerpt":{"rendered":"<p>Tryeza e sotme p\u00ebr Reform\u00ebn Zgjedhore duket se \u00ebsht\u00eb zhvilluar me debate. N\u00eb mbledhjen e sotme u diskutua p\u00ebr Kolegjin Zgjedhor Gjyq\u00ebsor. Opozita ka parashtruar draftin q\u00eb parashikon moratorium 4-vje\u00e7ar nga vettingu p\u00ebr gjyqtar\u00ebt e zgjedhjeve. Nd\u00ebrkoh\u00eb, ashtu si\u00e7 u shpreh Oerd Bylykbashi se ky propozim u prit ashp\u00ebr nga mazhoramca. T\u00eb nj\u00ebjt\u00ebn gj\u00eb pohon [&hellip;]<\/p>\n","protected":false},"author":2013,"featured_media":107732,"comment_status":"open","ping_status":"closed","sticky":false,"template":"","format":"standard","meta":{"footnotes":""},"categories":[241,235],"tags":[],"class_list":{"0":"post-122425","1":"post","2":"type-post","3":"status-publish","4":"format-standard","5":"has-post-thumbnail","7":"category-aktualitet","8":"category-vendi"},"_links":{"self":[{"href":"https:\/\/zjarr.tv\/en\/wp-json\/wp\/v2\/posts\/122425","targetHints":{"allow":["GET"]}}],"collection":[{"href":"https:\/\/zjarr.tv\/en\/wp-json\/wp\/v2\/posts"}],"about":[{"href":"https:\/\/zjarr.tv\/en\/wp-json\/wp\/v2\/types\/post"}],"author":[{"embeddable":true,"href":"https:\/\/zjarr.tv\/en\/wp-json\/wp\/v2\/users\/2013"}],"replies":[{"embeddable":true,"href":"https:\/\/zjarr.tv\/en\/wp-json\/wp\/v2\/comments?post=122425"}],"version-history":[{"count":0,"href":"https:\/\/zjarr.tv\/en\/wp-json\/wp\/v2\/posts\/122425\/revisions"}],"wp:featuredmedia":[{"embeddable":true,"href":"https:\/\/zjarr.tv\/en\/wp-json\/wp\/v2\/media\/107732"}],"wp:attachment":[{"href":"https:\/\/zjarr.tv\/en\/wp-json\/wp\/v2\/media?parent=122425"}],"wp:term":[{"taxonomy":"category","embeddable":true,"href":"https:\/\/zjarr.tv\/en\/wp-json\/wp\/v2\/categories?post=122425"},{"taxonomy":"post_tag","embeddable":true,"href":"https:\/\/zjarr.tv\/en\/wp-json\/wp\/v2\/tags?post=122425"}],"curies":[{"name":"wp","href":"https:\/\/api.w.org\/{rel}","templated":true}]}}