{"id":122431,"date":"2020-02-21T11:15:42","date_gmt":"2020-02-21T10:15:42","guid":{"rendered":"https:\/\/zjarr.tv\/?p=122431"},"modified":"2020-02-21T11:15:42","modified_gmt":"2020-02-21T10:15:42","slug":"2-marsi-meta-durimi-ka-kapercyer-cdo-kufi-shteti-i-rrezikuar-nga-organizata-mafioze-ne-pushtet","status":"publish","type":"post","link":"https:\/\/zjarr.tv\/en\/2-marsi-meta-durimi-ka-kapercyer-cdo-kufi-shteti-i-rrezikuar-nga-organizata-mafioze-ne-pushtet\/","title":{"rendered":"&#8220;2 marsi&#8221;, Meta: Durimi ka kap\u00ebrcyer \u00e7do kufi, shteti i rrezikuar nga organizata mafioze n\u00eb pushtet"},"content":{"rendered":"<p>Kreu i Shtetit, Ilir Meta s\u00ebrish ka dal\u00eb sot me nj\u00eb mesazh p\u00ebr qytetar\u00ebt shqiptar\u00eb, t\u00eb cil\u00ebve i k\u00ebrkon q\u00eb t\u00eb zgjohen. N\u00eb nj\u00eb postim n\u00eb Facebook, Presidenti thot\u00eb se vendi \u00ebsht\u00eb i rrezikuar nga organizata mafioze n\u00eb pushtet dhe celula lokale e nj\u00eb organizate nd\u00ebrkomb\u00ebtare, q\u00eb sipas tij lakmon territorin ton\u00eb.<\/p>\n<p><strong>Ilir Meta<em>:<\/em><\/strong><em>\u00a0Zgjohuni p\u00ebr t\u00eb kuptuar se beteja p\u00ebr Gjykat\u00ebn Kushtetuese \u00ebsht\u00eb nj\u00eb betej\u00eb vendimtare p\u00ebr secilin prej jush dhe jo vet\u00ebm p\u00ebr t\u00eb ardhmen e demokracis\u00eb, por dhe p\u00ebr vet\u00eb ekzistenc\u00ebn e shtetit dhe t\u00eb kombit ton\u00eb q\u00eb jan\u00eb m\u00eb t\u00eb rrezikuar se kurr\u00eb nga kjo organizat\u00eb mafioze n\u00eb pushtet, celul\u00eb lokale e nj\u00eb organizate nd\u00ebrkomb\u00ebtare q\u00eb lakmon territorin ton\u00eb, mjaft strategjik nga ana gjeopolitike edhe p\u00ebr shum\u00eb veprimtari kriminale me p\u00ebrfitime t\u00eb jasht\u00ebzakonshme.Kjo \u00ebsht\u00eb nj\u00eb organizat\u00eb mjaft e strukturuar, me nj\u00eb program t\u00eb qart\u00eb t\u00eb instalimit t\u00eb nj\u00eb regjimi satrap q\u00eb dhunon \u00e7do dit\u00eb t\u00eb drejtat e shqiptar\u00ebve dhe q\u00eb p\u00ebrmes kapjes mafioze t\u00eb Gjykat\u00ebs Kushtetuese synon t&#8217;i asgj\u00ebsoj\u00eb t\u00eb drejtat demokratike dhe legjitime t\u00eb tyre p\u00ebrgjithmon\u00eb duke i vendosur vet\u00ebm p\u00ebrball\u00eb dy zgjedhjeve: n\u00ebnshtrimit pa kushte ose shpopullimit.<\/em><\/p>\n<p>Sipas Presidentit Meta, me rr\u00ebmbimin mafioz t\u00eb Gjykat\u00ebs Kushtetuese synohet dor\u00ebzimi de facto i sovranitetit dhe integritetit t\u00eb vendit n\u00eb duart e organizat\u00ebs nd\u00ebrkomb\u00ebtare.<\/p>\n<p><strong>Ilir Meta:<\/strong>\u00a0<em>Duhet t\u00eb kuptoni se kjo nuk \u00ebsht\u00eb nj\u00eb betej\u00eb kompetencash midis Presidentit dhe mazhoranc\u00ebs p\u00ebr disa vende pune n\u00eb Gjykat\u00ebn Kushtetuese, por nj\u00eb betej\u00eb p\u00ebr t\u00eb mos lejuar instalimin e nj\u00eb junte policore ku dhe vet\u00eb Gjykata Kushtetuese do t\u00eb ishte de facto Policia anti-kushtetuese, p\u00ebrmes se cil\u00ebs do realizohej ekzekutimi p\u00ebrfundimtar i Kushtetut\u00ebs dhe i t\u00eb drejtave kushtetuese t\u00eb qytetar\u00ebve tan\u00eb.<\/em><\/p>\n<p>Organizata mafioze tha Ilir Meta ka kap\u00ebrcyer \u00e7do kufi, nd\u00ebrsa u shpreh se mbrojtja e Gjykat\u00ebs Kushtetuese \u00ebsht\u00eb vija e kuqe e \u00e7do shqiptari.<\/p>\n<p><strong>Ilir Meta:<\/strong>\u00a0<em>Ndaj n\u00eb 2 Mars \u00e7do qytetar \u00ebsht\u00eb i ftuar t\u00eb vij\u00eb n\u00eb Bulevardin &#8220;D\u00ebshmor\u00ebt e Kombit&#8221; p\u00ebr t&#8217;i treguar k\u00ebsaj organizate mafioze se durimi ka kap\u00ebrcyer \u00e7do kufi dhe se mbrojtja e Gjykat\u00ebs Kushtetuese \u00ebsht\u00eb vija e kuqe e \u00e7do shqiptari t\u00eb ndersh\u00ebm dhe t\u00eb p\u00ebrgjegjsh\u00ebm q\u00eb mbron t\u00eb ardhmen e tij dhe t\u00eb f\u00ebmij\u00ebve n\u00eb k\u00ebt\u00eb vend, nga instalimi i plot\u00eb i nj\u00eb tiranie anti-komb\u00ebtare si\u00e7 e shikoni \u00e7do dit\u00eb.<\/em><\/p>\n<p><em>SHQIP\u00cbRIA E PARA!<\/em><\/p>\n<p><em>SHQIP\u00cbRIA P\u00cbR SHQIPTAR\u00cbT<\/em><\/p>","protected":false},"excerpt":{"rendered":"<p>Kreu i Shtetit, Ilir Meta s\u00ebrish ka dal\u00eb sot me nj\u00eb mesazh p\u00ebr qytetar\u00ebt shqiptar\u00eb, t\u00eb cil\u00ebve i k\u00ebrkon q\u00eb t\u00eb zgjohen. N\u00eb nj\u00eb postim n\u00eb Facebook, Presidenti thot\u00eb se vendi \u00ebsht\u00eb i rrezikuar nga organizata mafioze n\u00eb pushtet dhe celula lokale e nj\u00eb organizate nd\u00ebrkomb\u00ebtare, q\u00eb sipas tij lakmon territorin ton\u00eb. Ilir Meta:\u00a0Zgjohuni p\u00ebr [&hellip;]<\/p>\n","protected":false},"author":2013,"featured_media":122432,"comment_status":"open","ping_status":"closed","sticky":false,"template":"","format":"standard","meta":{"footnotes":""},"categories":[241,235],"tags":[],"class_list":{"0":"post-122431","1":"post","2":"type-post","3":"status-publish","4":"format-standard","5":"has-post-thumbnail","7":"category-aktualitet","8":"category-vendi"},"_links":{"self":[{"href":"https:\/\/zjarr.tv\/en\/wp-json\/wp\/v2\/posts\/122431","targetHints":{"allow":["GET"]}}],"collection":[{"href":"https:\/\/zjarr.tv\/en\/wp-json\/wp\/v2\/posts"}],"about":[{"href":"https:\/\/zjarr.tv\/en\/wp-json\/wp\/v2\/types\/post"}],"author":[{"embeddable":true,"href":"https:\/\/zjarr.tv\/en\/wp-json\/wp\/v2\/users\/2013"}],"replies":[{"embeddable":true,"href":"https:\/\/zjarr.tv\/en\/wp-json\/wp\/v2\/comments?post=122431"}],"version-history":[{"count":0,"href":"https:\/\/zjarr.tv\/en\/wp-json\/wp\/v2\/posts\/122431\/revisions"}],"wp:featuredmedia":[{"embeddable":true,"href":"https:\/\/zjarr.tv\/en\/wp-json\/wp\/v2\/media\/122432"}],"wp:attachment":[{"href":"https:\/\/zjarr.tv\/en\/wp-json\/wp\/v2\/media?parent=122431"}],"wp:term":[{"taxonomy":"category","embeddable":true,"href":"https:\/\/zjarr.tv\/en\/wp-json\/wp\/v2\/categories?post=122431"},{"taxonomy":"post_tag","embeddable":true,"href":"https:\/\/zjarr.tv\/en\/wp-json\/wp\/v2\/tags?post=122431"}],"curies":[{"name":"wp","href":"https:\/\/api.w.org\/{rel}","templated":true}]}}