{"id":122438,"date":"2020-02-21T11:18:12","date_gmt":"2020-02-21T10:18:12","guid":{"rendered":"https:\/\/zjarr.tv\/?p=122438"},"modified":"2020-02-21T11:18:12","modified_gmt":"2020-02-21T10:18:12","slug":"rama-djali-im-i-vogel-duhet-te-kuptoje-cfare-eshte-be-ti-hedhim-hapat-me-kujdes","status":"publish","type":"post","link":"https:\/\/zjarr.tv\/en\/rama-djali-im-i-vogel-duhet-te-kuptoje-cfare-eshte-be-ti-hedhim-hapat-me-kujdes\/","title":{"rendered":"Rama: Djali im i vog\u00ebl duhet t\u00eb kuptoj\u00eb \u00e7far\u00eb \u00ebsht\u00eb BE, t&#8217;i hedhim hapat me kujdes"},"content":{"rendered":"<p>Hapat p\u00ebr n\u00eb Bashkimin Evropian duhet ti hedhim me kujdes. K\u00ebshtu u shpreh kryeministri Edi Rama nga nj\u00eb aktivitet p\u00ebr inovacionin t\u00eb zhvilluar n\u00eb Sht\u00ebpin\u00eb e Evrop\u00ebs.<\/p>\n<p>Sipas tij, integrimi n\u00eb BE \u00ebsht\u00eb nj\u00eb proces q\u00eb bazohet n\u00eb merita, p\u00ebr secilin vend.<\/p>\n<p><strong>Edi Rama:<\/strong>\u00a0<em>Konceptimi q\u00eb tashm\u00eb po na del me metodologjin\u00eb e re dhe qasja q\u00eb Evropa si uniuon do t\u00eb ket\u00eb ndaj nesh si individ\u00eb do t\u00eb jet\u00eb shum\u00eb m\u00eb shum\u00eb her\u00eb e lidhur me kapacitetet tona p\u00ebr t\u00eb nd\u00ebrvepruar me t\u00eb tjer\u00ebt. Sa m\u00eb shum\u00eb ti japim BE shembuj t\u00eb nd\u00ebrveprimeve tona t\u00eb suksesshme aq m\u00eb shum\u00eb BE do t\u00eb respektoj\u00eb p\u00ebrpjekjet tona individuale dhe do t\u00eb jet\u00eb edhe m\u00eb i qet\u00eb n\u00eb t\u00eb menduarit dhe konkluzionin p\u00ebr t\u00eb na futur brenda.<\/em><\/p>\n<p><em>K\u00ebt\u00eb sht\u00ebpi kaq t\u00eb bukur t\u00eb Evrop\u00ebs un\u00eb e shoh p\u00ebr her\u00eb t\u00eb par\u00eb. Shoh q\u00eb k\u00ebtu ka nj\u00eb lloj kopshti t\u00eb bukur. Nuk \u00ebsht\u00eb se ka shum\u00eb vend p\u00ebr t\u00eb vrapuar, port thjesht hyni gjeni vendin, por un\u00eb do ta sjell djalin tim t\u00eb vog\u00ebl dhe ai duhet t\u00eb kuptoj\u00eb se \u00e7far\u00eb \u00ebsht\u00eb BE. Duhet ti hedhim hapat me kujdes n\u00eb m\u00ebnyr\u00eb q\u00eb mos i shqet\u00ebsojm\u00eb t\u00eb tjer\u00ebt.<\/em><\/p>\n<p>Teksa foli p\u00ebr PPP, Rama tha se ato jan\u00eb t\u00eb r\u00ebnd\u00ebsishme, pasi krijojn\u00eb iniciativa t\u00eb reja dhe kushte t\u00eb reja.<\/p>\n<p><strong>Edi Rama:<\/strong>\u00a0<em>Un\u00eb e di q\u00eb n\u00ebse do t\u00eb thoja PPP un\u00eb menj\u00ebher\u00eb do t\u00eb kem shum\u00eb njer\u00ebz q\u00eb do fillojn\u00eb t\u00eb b\u00ebjn\u00eb zhurme, p\u00ebr hir t\u00eb luft\u00ebrave ose analizave q\u00eb do t\u00eb b\u00ebhen dhe asnj\u00ebher\u00eb nuk kan\u00eb treguar vullnet p\u00ebr t\u00eb kuptuar sesa e r\u00ebnd\u00ebsishme \u00ebsht\u00eb q\u00eb ti kemi PPP si pjes\u00eb e p\u00ebrpjekjes ton\u00eb t\u00eb p\u00ebrgjithsh\u00ebm.<\/em><\/p>\n<p><em>PPP jan\u00eb ato q\u00eb do t\u00eb mb\u00ebshtesin fuqish\u00ebm t\u00eb gjith\u00eb ne, n\u00eb identifikimin dhe duke na shtyr\u00eb m\u00eb tej p\u00ebrpara p\u00ebr iniciativa, t\u00eb cilat do t\u00eb krijojn\u00eb kushte t\u00eb reja dhe iniciativa t\u00eb reja p\u00ebr start up-e.<\/em><\/p>","protected":false},"excerpt":{"rendered":"<p>Hapat p\u00ebr n\u00eb Bashkimin Evropian duhet ti hedhim me kujdes. K\u00ebshtu u shpreh kryeministri Edi Rama nga nj\u00eb aktivitet p\u00ebr inovacionin t\u00eb zhvilluar n\u00eb Sht\u00ebpin\u00eb e Evrop\u00ebs. Sipas tij, integrimi n\u00eb BE \u00ebsht\u00eb nj\u00eb proces q\u00eb bazohet n\u00eb merita, p\u00ebr secilin vend. Edi Rama:\u00a0Konceptimi q\u00eb tashm\u00eb po na del me metodologjin\u00eb e re dhe qasja [&hellip;]<\/p>\n","protected":false},"author":2013,"featured_media":122440,"comment_status":"open","ping_status":"closed","sticky":false,"template":"","format":"standard","meta":{"footnotes":""},"categories":[241,235],"tags":[],"class_list":{"0":"post-122438","1":"post","2":"type-post","3":"status-publish","4":"format-standard","5":"has-post-thumbnail","7":"category-aktualitet","8":"category-vendi"},"_links":{"self":[{"href":"https:\/\/zjarr.tv\/en\/wp-json\/wp\/v2\/posts\/122438","targetHints":{"allow":["GET"]}}],"collection":[{"href":"https:\/\/zjarr.tv\/en\/wp-json\/wp\/v2\/posts"}],"about":[{"href":"https:\/\/zjarr.tv\/en\/wp-json\/wp\/v2\/types\/post"}],"author":[{"embeddable":true,"href":"https:\/\/zjarr.tv\/en\/wp-json\/wp\/v2\/users\/2013"}],"replies":[{"embeddable":true,"href":"https:\/\/zjarr.tv\/en\/wp-json\/wp\/v2\/comments?post=122438"}],"version-history":[{"count":0,"href":"https:\/\/zjarr.tv\/en\/wp-json\/wp\/v2\/posts\/122438\/revisions"}],"wp:featuredmedia":[{"embeddable":true,"href":"https:\/\/zjarr.tv\/en\/wp-json\/wp\/v2\/media\/122440"}],"wp:attachment":[{"href":"https:\/\/zjarr.tv\/en\/wp-json\/wp\/v2\/media?parent=122438"}],"wp:term":[{"taxonomy":"category","embeddable":true,"href":"https:\/\/zjarr.tv\/en\/wp-json\/wp\/v2\/categories?post=122438"},{"taxonomy":"post_tag","embeddable":true,"href":"https:\/\/zjarr.tv\/en\/wp-json\/wp\/v2\/tags?post=122438"}],"curies":[{"name":"wp","href":"https:\/\/api.w.org\/{rel}","templated":true}]}}