{"id":122448,"date":"2020-02-21T11:58:12","date_gmt":"2020-02-21T10:58:12","guid":{"rendered":"https:\/\/zjarr.tv\/?p=122448"},"modified":"2020-02-21T11:58:12","modified_gmt":"2020-02-21T10:58:12","slug":"nga-armir-shkurti-rama-qe-nderroi-popullin-kur-si-pelqeu","status":"publish","type":"post","link":"https:\/\/zjarr.tv\/en\/nga-armir-shkurti-rama-qe-nderroi-popullin-kur-si-pelqeu\/","title":{"rendered":"Nga Armir Shkurti\/ Rama q\u00eb nd\u00ebrroi popullin kur s\u2019i p\u00eblqeu"},"content":{"rendered":"<p>A e merr vesh tani \u00e7\u2019\u00ebsht\u00eb \u201cShoq\u00ebria e Hapur\u201d e Sorosit? Tani q\u00eb rrjedhin qindramij\u00eb shqiptar\u00eb n\u00eb kurbet p\u00ebr tu z\u00ebvend\u00ebsuar me t\u00eb tjer\u00eb hallexhin t\u00eb ardhur nga vende m\u00eb katran se ne?<\/p>\n<p>Pa nj\u00eb korrupsion moral t\u00eb secilit prej nesh shpopullimi i Shqip\u00ebris\u00eb do t\u00eb qe i pamundur. T\u00eb pakt\u00ebn me k\u00ebto ritme. Ne flasim p\u00ebr korrupsion VET\u00cbM p\u00ebr zyrtar\u00ebt: \u201cAta q\u00eb vjedhin lek\u00ebt tona\u201d dhe \u201cata q\u00eb na marrin rryshfet edhe p\u00ebr nj\u00eb \u00e7ertifikat\u00eb\u201d.P\u00ebr veten q\u00eb \u201clubrifikon sistemin me zarf\u201d nuk para themi gj\u00eb. Q\u00eb jemi \u201cNjeriu i ri\u201d, produkti i diktatur\u00ebs, as k\u00ebt\u00eb nuk na e ka qejfi ta z\u00ebm\u00eb me goj\u00eb. Madje as q\u00eb \u201cna ngjit pak dora\u201d tek vendi i pun\u00ebs e marrim ndonj\u00eb gj\u00eb p\u00ebr sht\u00ebpi\u2026deri pastaj t\u00eb zaptojm\u00eb nj\u00eb tok\u00eb e t\u00eb b\u00ebjm\u00eb nj\u00eb sht\u00ebpi pa leje\u2026(e t\u00eb mos zgjatem me nj\u00eb manual t\u00eb t\u00ebr\u00eb mbijetese 1945 \u2013 2020). Ky njeriu i ri na u b\u00eb shum\u00eb shpejt \u201d qytetar i bot\u00ebs\u201d duke flakur konceptet \u201ce vjet\u00ebruara nga komunizmi\u201d t\u00eb Atdheut, Popullit, Kombit. \u201cAtdhe \u00ebsht\u00eb aty ku jetoj m\u00eb mir\u00eb\u201d, p\u00ebr shembul, \u00ebsht\u00eb nj\u00eb nga motot e preferuara. Natyrisht asgj\u00eb s\u2019ndodhi rast\u00ebsisht! Idet\u00eb liberale t\u00eb \u201d Shoq\u00ebris\u00eb s\u00eb Hapur u mboll\u00ebn e lul\u00ebzuan me sistematik\u00eb t\u00eb p\u00ebrkryer dhe i dhan\u00eb shpejt frutat\u2026<\/p>\n<p>Tani kthehemi tek shpopullimi.<\/p>\n<p>Edhe p\u00ebr arsyet q\u00eb thash\u00eb m\u00eb lart, shum\u00ebkush k\u00ebtu, kur d\u00ebgjon se po ikin qindra mij\u00eb bashkatdhetar\u00eb, pragmatizmi tipik yni e b\u00ebn t\u00eb mendoj\u00eb : \u201d sa mir\u00eb! Kjo qenka mund\u00ebsi e mir\u00eb edhe p\u00ebr mua p\u00ebr t\u00eb ikur\u201d! Mjafton t\u00eb shohim shifrat e p\u00ebrvitshme t\u00eb aplikimeve p\u00ebr lotarin\u00eb amerikane p\u00ebr t\u00eb kuptuar se Shqip\u00ebria \u00ebsht\u00eb nj\u00eb terminal ku populli fle me durim n\u00eb stola e mbi valixhe n\u00eb pritje t\u00eb transoqeanikut. Q\u00eb do t\u00eb thot\u00eb se me mend\u00ebsin\u00eb e emigrantit askujt nuk i b\u00ebhet shum\u00eb von\u00eb p\u00ebr at\u00eb q\u00eb le pas. Me zem\u00ebr t\u00eb thyer, por s\u2019u themi dot mos ikni edhe pse kjo albanoragji ka p\u00ebrmbysur \u00e7do peshore n\u00eb k\u00ebt\u00eb vend: q\u00eb nga r\u00ebnia tragjike e lindjeve tek mungesat fatale t\u00eb mjek\u00ebve, m\u00ebsuesve dhe p\u00ebrgjith\u00ebsisht zanatalinjve t\u00eb zot\u00eb.<br \/>\nPor kriminale \u00ebsht\u00eb z\u00ebvend\u00ebsimi i t\u00eb larguarve.<\/p>\n<p>Shqet\u00ebsimi i par\u00eb e m\u00eb i madh \u00ebsht\u00eb RREZIKU I EKZISTENC\u00cbS SON\u00cb SI KOMB. Shqip\u00ebria, q\u00eb me rritmet e viteve \u201980 sot duhej t\u00eb num\u00ebronte rreth 6 milion banor\u00eb, sot ka m\u00eb pak se gjysm\u00ebn! P\u00ebr t\u00eb mos th\u00ebn\u00eb 1\/3!!<\/p>\n<div>\n<div><span class=\"ctaText\">LEXO EDHE:<\/span>\u00a0\u00a0<span class=\"postTitle\">Video-\u201cMashtroi dhe dhunoi shqiptar\u00ebt\u201d\/ Basha akuza t\u00eb forta Ram\u00ebs<\/span><\/div>\n<\/div>\n<p>\u201cAnalist\u00eb\u201d, \u201cmendimtar\u00eb\u201d e \u201cstatisticien\u00eb\u201d ta shesin sapunin p\u00ebr djath\u00eb duke t\u00eb treguar q\u00eb \u201cn\u00eb fakt nga gjith\u00eb Ballkani ka emigracion\u201d. Ndoshta! Por ndaj asnj\u00eb vendi tjet\u00ebr nuk peshon rreziku shekullor i asimilimit dhe plane akademike si ai i Vaso \u00c7ubrilloviqit p\u00ebr d\u00ebbim t\u00eb shqiptar\u00ebve nga trojet e tyre.<\/p>\n<p>S\u00eb dyti: Ndryshe nga \u00e7\u2019na e paraqet Rama shqiptarin, si nj\u00eb pordhac q\u00eb i b\u00ebn buz\u00eb pun\u00ebs e do zyr\u00eb, e v\u00ebrteta \u00ebsht\u00eb se ne dhe prind\u00ebrit tan\u00eb, me \u201d E duam Shqip\u00ebrin\u00eb si gjith\u00eb Europa\u201d luftuam p\u00ebr standardet europiane.<\/p>\n<p>Mir\u00ebpo n\u00eb Europ\u00eb hyn\u00eb vet\u00ebm \u00e7mimet! Rrogat mbet\u00ebn n\u00eb Lindje. P\u00ebr me kap edhe rrogat vrapojn\u00eb kalamajt\u00eb tan\u00eb n\u00eb Gjermani! Se oligarkia nuk para e ka me qejf t\u00eb ngrer\u00eb pagat. K\u00ebshtu q\u00eb i bie m\u00eb lir\u00eb t\u00eb z\u00ebvend\u00ebsoj\u00eb \u201cpordhac\u00ebt\u201d shqiptar\u00eb me kok\u00ebulurit aziatik\u00eb dhe afrikan\u00eb, DUKE ULUR K\u00cbSHTU EDHE STANDARDET E JETES\u00cbS DHE ASPIRAT\u00cbS EUROPIANE t\u00eb Shqip\u00ebris\u00eb.<\/p>\n<p>E treta: N\u00eb thelb ata q\u00eb ikin jan\u00eb EMIGRANT\u00cb SHPRESE. Nuk ikin p\u00ebr buk\u00eb, as p\u00ebr luks por thjesht se kan\u00eb humbur \u00e7do shpres\u00eb q\u00eb ky vend do t\u00eb b\u00ebhet n\u00eb t\u00eb gjall\u00eb t\u00eb tyre. Ndaj ia mbathin me q\u00ebllim q\u00eb t\u00eb pakt\u00ebn nes\u00ebr f\u00ebmija t\u00eb mos i p\u00ebshtyj\u00eb q\u00eb i la k\u00ebtu.<br \/>\n\u2026nd\u00ebrsa me k\u00ebta fatzinjt\u00eb me t\u00eb cil\u00ebt po k\u00ebmbehemi Edi Rama, p\u00ebr her\u00eb t\u00eb par\u00eb n\u00eb histori realizoi t\u00eb pamundur\u00ebn: KUR S\u2019I P\u00cbLQEU POPULLI, E ND\u00cbRROI POPULLIN!<\/p>","protected":false},"excerpt":{"rendered":"<p>A e merr vesh tani \u00e7\u2019\u00ebsht\u00eb \u201cShoq\u00ebria e Hapur\u201d e Sorosit? Tani q\u00eb rrjedhin qindramij\u00eb shqiptar\u00eb n\u00eb kurbet p\u00ebr tu z\u00ebvend\u00ebsuar me t\u00eb tjer\u00eb hallexhin t\u00eb ardhur nga vende m\u00eb katran se ne? Pa nj\u00eb korrupsion moral t\u00eb secilit prej nesh shpopullimi i Shqip\u00ebris\u00eb do t\u00eb qe i pamundur. T\u00eb pakt\u00ebn me k\u00ebto ritme. Ne [&hellip;]<\/p>\n","protected":false},"author":2013,"featured_media":94085,"comment_status":"open","ping_status":"closed","sticky":false,"template":"","format":"standard","meta":{"footnotes":""},"categories":[241,235],"tags":[],"class_list":{"0":"post-122448","1":"post","2":"type-post","3":"status-publish","4":"format-standard","5":"has-post-thumbnail","7":"category-aktualitet","8":"category-vendi"},"_links":{"self":[{"href":"https:\/\/zjarr.tv\/en\/wp-json\/wp\/v2\/posts\/122448","targetHints":{"allow":["GET"]}}],"collection":[{"href":"https:\/\/zjarr.tv\/en\/wp-json\/wp\/v2\/posts"}],"about":[{"href":"https:\/\/zjarr.tv\/en\/wp-json\/wp\/v2\/types\/post"}],"author":[{"embeddable":true,"href":"https:\/\/zjarr.tv\/en\/wp-json\/wp\/v2\/users\/2013"}],"replies":[{"embeddable":true,"href":"https:\/\/zjarr.tv\/en\/wp-json\/wp\/v2\/comments?post=122448"}],"version-history":[{"count":0,"href":"https:\/\/zjarr.tv\/en\/wp-json\/wp\/v2\/posts\/122448\/revisions"}],"wp:featuredmedia":[{"embeddable":true,"href":"https:\/\/zjarr.tv\/en\/wp-json\/wp\/v2\/media\/94085"}],"wp:attachment":[{"href":"https:\/\/zjarr.tv\/en\/wp-json\/wp\/v2\/media?parent=122448"}],"wp:term":[{"taxonomy":"category","embeddable":true,"href":"https:\/\/zjarr.tv\/en\/wp-json\/wp\/v2\/categories?post=122448"},{"taxonomy":"post_tag","embeddable":true,"href":"https:\/\/zjarr.tv\/en\/wp-json\/wp\/v2\/tags?post=122448"}],"curies":[{"name":"wp","href":"https:\/\/api.w.org\/{rel}","templated":true}]}}