{"id":122450,"date":"2020-02-21T11:59:25","date_gmt":"2020-02-21T10:59:25","guid":{"rendered":"https:\/\/zjarr.tv\/?p=122450"},"modified":"2020-02-21T11:59:25","modified_gmt":"2020-02-21T10:59:25","slug":"kryemadhi-e-nis-diten-me-buzeqeshje-ju-prezanton-me-greis-vajzen-e-ish-ministres","status":"publish","type":"post","link":"https:\/\/zjarr.tv\/en\/kryemadhi-e-nis-diten-me-buzeqeshje-ju-prezanton-me-greis-vajzen-e-ish-ministres\/","title":{"rendered":"Kryemadhi e nis dit\u00ebn me buz\u00ebqeshje, ju prezanton me Greis, vajz\u00ebn e ish ministres"},"content":{"rendered":"<p>Nj\u00eb dit\u00eb ndryshe kjo e sotmja p\u00ebr kryetaren e LSI-s\u00eb, Monika Kryemadhi. P\u00ebrmes nj\u00eb postimi n\u00eb facebook tregohet se ka shkuar p\u00ebr t\u00eb takuar ish-deputeten e LSI-s\u00eb, dhe ish ministren e Integrimit,\u00a0 Klajda Gjosha, e cila \u00ebsht\u00eb b\u00ebr\u00eb n\u00ebn\u00eb p\u00ebr her\u00eb t\u00eb dyt\u00eb.<\/p>\n<p>\u201cSot e nisa dit\u00ebn me Klajd\u00ebn dhe vajz\u00ebn e saj Greis. Nuk ka asgj\u00eb m\u00eb t\u00eb shtrenjt\u00eb se f\u00ebmij\u00ebt dhe asgj\u00eb m\u00eb t\u00eb bukur n\u00eb bot\u00eb se buz\u00ebqeshja e tyre. Jan\u00eb motivi p\u00ebr t\u00eb mos u ndalur! Zoti i bekoft\u00eb t\u00eb gjith\u00eb f\u00ebmij\u00ebt shqiptar\u00eb\u201d shkruan \u00a0Kryemadhi n\u00eb postimin e saj.<\/p>\n<p><img decoding=\"async\" class=\"fr-fic fr-dib\" src=\"https:\/\/www.oranews.tv\/storage\/app\/media\/home\/ora\/public_html\/storage\/app\/media\/2020\/02\/21\/kryemadhi-grejs.jpg\" \/><\/p>","protected":false},"excerpt":{"rendered":"<p>Nj\u00eb dit\u00eb ndryshe kjo e sotmja p\u00ebr kryetaren e LSI-s\u00eb, Monika Kryemadhi. P\u00ebrmes nj\u00eb postimi n\u00eb facebook tregohet se ka shkuar p\u00ebr t\u00eb takuar ish-deputeten e LSI-s\u00eb, dhe ish ministren e Integrimit,\u00a0 Klajda Gjosha, e cila \u00ebsht\u00eb b\u00ebr\u00eb n\u00ebn\u00eb p\u00ebr her\u00eb t\u00eb dyt\u00eb. \u201cSot e nisa dit\u00ebn me Klajd\u00ebn dhe vajz\u00ebn e saj Greis. Nuk [&hellip;]<\/p>\n","protected":false},"author":2013,"featured_media":122451,"comment_status":"open","ping_status":"closed","sticky":false,"template":"","format":"standard","meta":{"footnotes":""},"categories":[241,235],"tags":[],"class_list":{"0":"post-122450","1":"post","2":"type-post","3":"status-publish","4":"format-standard","5":"has-post-thumbnail","7":"category-aktualitet","8":"category-vendi"},"_links":{"self":[{"href":"https:\/\/zjarr.tv\/en\/wp-json\/wp\/v2\/posts\/122450","targetHints":{"allow":["GET"]}}],"collection":[{"href":"https:\/\/zjarr.tv\/en\/wp-json\/wp\/v2\/posts"}],"about":[{"href":"https:\/\/zjarr.tv\/en\/wp-json\/wp\/v2\/types\/post"}],"author":[{"embeddable":true,"href":"https:\/\/zjarr.tv\/en\/wp-json\/wp\/v2\/users\/2013"}],"replies":[{"embeddable":true,"href":"https:\/\/zjarr.tv\/en\/wp-json\/wp\/v2\/comments?post=122450"}],"version-history":[{"count":0,"href":"https:\/\/zjarr.tv\/en\/wp-json\/wp\/v2\/posts\/122450\/revisions"}],"wp:featuredmedia":[{"embeddable":true,"href":"https:\/\/zjarr.tv\/en\/wp-json\/wp\/v2\/media\/122451"}],"wp:attachment":[{"href":"https:\/\/zjarr.tv\/en\/wp-json\/wp\/v2\/media?parent=122450"}],"wp:term":[{"taxonomy":"category","embeddable":true,"href":"https:\/\/zjarr.tv\/en\/wp-json\/wp\/v2\/categories?post=122450"},{"taxonomy":"post_tag","embeddable":true,"href":"https:\/\/zjarr.tv\/en\/wp-json\/wp\/v2\/tags?post=122450"}],"curies":[{"name":"wp","href":"https:\/\/api.w.org\/{rel}","templated":true}]}}