{"id":122454,"date":"2020-02-21T12:00:36","date_gmt":"2020-02-21T11:00:36","guid":{"rendered":"https:\/\/zjarr.tv\/?p=122454"},"modified":"2020-02-21T12:00:36","modified_gmt":"2020-02-21T11:00:36","slug":"balla-ilir-meta-ne-krize-me-veten-duhet-te-ndaje-nese-do-jete-lider-opozite-apo-president","status":"publish","type":"post","link":"https:\/\/zjarr.tv\/en\/balla-ilir-meta-ne-krize-me-veten-duhet-te-ndaje-nese-do-jete-lider-opozite-apo-president\/","title":{"rendered":"Balla: Ilir Meta n\u00eb kriz\u00eb me veten, duhet t\u00eb ndaj\u00eb n\u00ebse do jet\u00eb lider opozite apo President"},"content":{"rendered":"<p>Kryetari i grupit parlamentar t\u00eb PS, Taulant Balla i pyetur nga gazetarja e Ora News, Fjorela Beleshi se a do t\u00eb ndikoj\u00eb kriza mazhoranc\u00eb-president n\u00eb hapjen e negociatava, tha se qeveria nuk \u00ebsht\u00eb n\u00eb kriz\u00eb me presidentin. Sipas tij, Ilir Meta duhet t\u00eb ndaj\u00eb n\u00ebse do jet\u00eb lider opozita apo President.<\/p>\n<p><strong>Taulant Balla:\u00a0<\/strong><em>Ne nuk kemi nj\u00eb kriz\u00eb me Presidentin, ka Presidenti nj\u00eb kriz\u00eb me Ilir Met\u00ebn dhe k\u00ebt\u00eb kriz\u00eb t\u00eb Presidentit me Ilir Met\u00ebn \u00a0duhet ta zgjidh\u00eb Presidenti me Ilir Met\u00ebn.<\/em><\/p>\n<p><em>Ilir Meta duhet t\u00eb ndaj\u00eb n\u00ebse do t\u00eb vazhdoj\u00eb n\u00ebse do jet\u00eb nj\u00eb prej lider\u00ebve t\u00eb opozit\u00ebs apo do t\u00eb vazhdoj\u00eb t\u00eb jet\u00eb President i Republik\u00ebs.<\/em><\/p>\n<p><em>Ne nuk kemi asnj\u00eb kriz\u00eb me ilir met\u00ebn. Ilir meta \u00ebsht\u00eb nj\u00eb institucion n\u00eb hetim \u00a0parlamentar p\u00ebr shkelje t\u00eb r\u00ebnda t\u00eb kushtetut\u00ebs.<\/em><\/p>\n<p><em>Shkeljet e r\u00ebnda n\u00eb rast se komisioni hetimor i gjen bazuar n\u00eb hetimin q\u00eb po b\u00ebn dhe si i till\u00eb n\u00ebse kuvendi voton me 94 vota shkarkimin, kjo procedur\u00eb kalon p\u00ebr vler\u00ebsim n\u00eb Gjykat\u00ebn Kushtetuese. N\u00eb aspektin e t\u00eb drejt\u00ebs kushtetuese e gjith\u00eb beteja e presidentit n\u00eb em\u00ebr t\u00eb Gjykat\u00ebs Kushtetuese duket si p\u00ebrpjekja e nj\u00eb personi t\u00eb vendosur n\u00eb akuz\u00eb q\u00eb sulmon gjyqtarin e \u00e7\u00ebshtjes.<\/em><\/p>","protected":false},"excerpt":{"rendered":"<p>Kryetari i grupit parlamentar t\u00eb PS, Taulant Balla i pyetur nga gazetarja e Ora News, Fjorela Beleshi se a do t\u00eb ndikoj\u00eb kriza mazhoranc\u00eb-president n\u00eb hapjen e negociatava, tha se qeveria nuk \u00ebsht\u00eb n\u00eb kriz\u00eb me presidentin. Sipas tij, Ilir Meta duhet t\u00eb ndaj\u00eb n\u00ebse do jet\u00eb lider opozita apo President. Taulant Balla:\u00a0Ne nuk kemi [&hellip;]<\/p>\n","protected":false},"author":2013,"featured_media":122455,"comment_status":"open","ping_status":"closed","sticky":false,"template":"","format":"standard","meta":{"footnotes":""},"categories":[241,235],"tags":[],"class_list":{"0":"post-122454","1":"post","2":"type-post","3":"status-publish","4":"format-standard","5":"has-post-thumbnail","7":"category-aktualitet","8":"category-vendi"},"_links":{"self":[{"href":"https:\/\/zjarr.tv\/en\/wp-json\/wp\/v2\/posts\/122454","targetHints":{"allow":["GET"]}}],"collection":[{"href":"https:\/\/zjarr.tv\/en\/wp-json\/wp\/v2\/posts"}],"about":[{"href":"https:\/\/zjarr.tv\/en\/wp-json\/wp\/v2\/types\/post"}],"author":[{"embeddable":true,"href":"https:\/\/zjarr.tv\/en\/wp-json\/wp\/v2\/users\/2013"}],"replies":[{"embeddable":true,"href":"https:\/\/zjarr.tv\/en\/wp-json\/wp\/v2\/comments?post=122454"}],"version-history":[{"count":0,"href":"https:\/\/zjarr.tv\/en\/wp-json\/wp\/v2\/posts\/122454\/revisions"}],"wp:featuredmedia":[{"embeddable":true,"href":"https:\/\/zjarr.tv\/en\/wp-json\/wp\/v2\/media\/122455"}],"wp:attachment":[{"href":"https:\/\/zjarr.tv\/en\/wp-json\/wp\/v2\/media?parent=122454"}],"wp:term":[{"taxonomy":"category","embeddable":true,"href":"https:\/\/zjarr.tv\/en\/wp-json\/wp\/v2\/categories?post=122454"},{"taxonomy":"post_tag","embeddable":true,"href":"https:\/\/zjarr.tv\/en\/wp-json\/wp\/v2\/tags?post=122454"}],"curies":[{"name":"wp","href":"https:\/\/api.w.org\/{rel}","templated":true}]}}