{"id":122458,"date":"2020-02-21T14:35:35","date_gmt":"2020-02-21T13:35:35","guid":{"rendered":"https:\/\/zjarr.tv\/?p=122458"},"modified":"2020-02-21T14:36:55","modified_gmt":"2020-02-21T13:36:55","slug":"ofl-nis-kerkesat-per-vetedeklarim-pasurie-2-trafikanteve-ne-lezhe","status":"publish","type":"post","link":"https:\/\/zjarr.tv\/en\/ofl-nis-kerkesat-per-vetedeklarim-pasurie-2-trafikanteve-ne-lezhe\/","title":{"rendered":"OFL nis k\u00ebrkesat p\u00ebr vet\u00ebdeklarim pasurie 2 trafikant\u00ebve n\u00eb Lezh\u00eb"},"content":{"rendered":"<p>Vazhdon puna e Operacionit Forca e Ligjit. Dit\u00ebn e sotme OFL i ka d\u00ebrguar k\u00ebrkesat p\u00ebr vet\u00ebdeklarim shtetasve:<\/p>\n<p>E. S dhe A. L, banues n\u00eb Lezh\u00eb, t\u00eb d\u00ebnuar p\u00ebr trafikim t\u00eb l\u00ebnd\u00ebve narkotike.<\/p>\n<p>Brenda 48 or\u00ebsh, k\u00ebta individ\u00eb, si subjekt i Ligjit Special, duhet t\u2019u p\u00ebrgjigjen me shkrim t\u00eb gjitha pyetjeve t\u00eb OFL-s\u00eb.<\/p>\n<div id=\"rekl-13\">\n<div id=\"__sap-ad-15\" class=\"__sap-ads __sap-html tracked\" data-title=\"Credins desktop Brenda lajmit 08\">\n<div id=\"beacon_229866d3e8\"><img loading=\"lazy\" decoding=\"async\" src=\"https:\/\/ads1.medium.al\/www\/delivery\/lg.php?bannerid=522&amp;campaignid=76&amp;zoneid=232&amp;loc=https%3A%2F%2Fwww.syri.net%2Fkronike%2F317702%2Fofl-nis-kerkesat-per-vetedeklarim-pasurie-2-trafikanteve-ne-lezhe%2F&amp;referer=https%3A%2F%2Fwww.syri.net%2Flajme%2F&amp;cb=229866d3e8\" alt=\"\" width=\"0\" height=\"0\" \/>M\u00eb pas, p\u00ebrgjigjet e marra do t\u2019i d\u00ebrgohen SPAK-ut, p\u00ebr veprime t\u00eb m\u00ebtejshme.<\/div>\n<\/div>\n<\/div>\n<p>Me q\u00ebllim evidentimin dhe d\u00ebrgimin n\u00eb SPAK, t\u00eb t\u00eb gjith\u00eb personave q\u00eb jan\u00eb subjekt i Ligjit Special, OFL \u00ebsht\u00eb n\u00eb veprim t\u00eb pand\u00ebrprer\u00eb dhe n\u00eb kryerje t\u00eb veprimeve komplekse.P\u00ebr t\u00eb gjitha nismat procedurale dhe operacionet ekzekutive q\u00eb do t\u00eb kryej\u00eb, OFL do t\u00eb informoj\u00eb publikun n\u00eb vijim\u00ebsi.<\/p>","protected":false},"excerpt":{"rendered":"<p>Vazhdon puna e Operacionit Forca e Ligjit. Dit\u00ebn e sotme OFL i ka d\u00ebrguar k\u00ebrkesat p\u00ebr vet\u00ebdeklarim shtetasve: E. S dhe A. L, banues n\u00eb Lezh\u00eb, t\u00eb d\u00ebnuar p\u00ebr trafikim t\u00eb l\u00ebnd\u00ebve narkotike. Brenda 48 or\u00ebsh, k\u00ebta individ\u00eb, si subjekt i Ligjit Special, duhet t\u2019u p\u00ebrgjigjen me shkrim t\u00eb gjitha pyetjeve t\u00eb OFL-s\u00eb. M\u00eb pas, [&hellip;]<\/p>\n","protected":false},"author":2013,"featured_media":121248,"comment_status":"open","ping_status":"closed","sticky":false,"template":"","format":"standard","meta":{"footnotes":""},"categories":[241,235],"tags":[],"class_list":{"0":"post-122458","1":"post","2":"type-post","3":"status-publish","4":"format-standard","5":"has-post-thumbnail","7":"category-aktualitet","8":"category-vendi"},"_links":{"self":[{"href":"https:\/\/zjarr.tv\/en\/wp-json\/wp\/v2\/posts\/122458","targetHints":{"allow":["GET"]}}],"collection":[{"href":"https:\/\/zjarr.tv\/en\/wp-json\/wp\/v2\/posts"}],"about":[{"href":"https:\/\/zjarr.tv\/en\/wp-json\/wp\/v2\/types\/post"}],"author":[{"embeddable":true,"href":"https:\/\/zjarr.tv\/en\/wp-json\/wp\/v2\/users\/2013"}],"replies":[{"embeddable":true,"href":"https:\/\/zjarr.tv\/en\/wp-json\/wp\/v2\/comments?post=122458"}],"version-history":[{"count":0,"href":"https:\/\/zjarr.tv\/en\/wp-json\/wp\/v2\/posts\/122458\/revisions"}],"wp:featuredmedia":[{"embeddable":true,"href":"https:\/\/zjarr.tv\/en\/wp-json\/wp\/v2\/media\/121248"}],"wp:attachment":[{"href":"https:\/\/zjarr.tv\/en\/wp-json\/wp\/v2\/media?parent=122458"}],"wp:term":[{"taxonomy":"category","embeddable":true,"href":"https:\/\/zjarr.tv\/en\/wp-json\/wp\/v2\/categories?post=122458"},{"taxonomy":"post_tag","embeddable":true,"href":"https:\/\/zjarr.tv\/en\/wp-json\/wp\/v2\/tags?post=122458"}],"curies":[{"name":"wp","href":"https:\/\/api.w.org\/{rel}","templated":true}]}}