{"id":122464,"date":"2020-02-21T14:39:02","date_gmt":"2020-02-21T13:39:02","guid":{"rendered":"https:\/\/zjarr.tv\/?p=122464"},"modified":"2020-02-21T14:39:02","modified_gmt":"2020-02-21T13:39:02","slug":"opozita-takon-raporteren-per-shqiperine-zgjedhje-te-parakohshme-mazhoranca-po-saboton-reformen-zgjedhore","status":"publish","type":"post","link":"https:\/\/zjarr.tv\/en\/opozita-takon-raporteren-per-shqiperine-zgjedhje-te-parakohshme-mazhoranca-po-saboton-reformen-zgjedhore\/","title":{"rendered":"Opozita takon raporteren p\u00ebr Shqip\u00ebrin\u00eb: Zgjedhje t\u00eb parakohshme, mazhoranca po saboton reform\u00ebn zgjedhore"},"content":{"rendered":"<p>P\u00ebrfaq\u00ebsues t\u00eb opozit\u00ebs jan\u00eb takuar me raporteren p\u00ebr Shqip\u00ebrin\u00eb n\u00eb Parlamentin Evropian, Isabel Santos. . Pas takimit, Genc Pollo nga PD tha se rruga e vetme p\u00ebr t\u00eb \u00a0kthyer normalitetin n\u00eb vend jan\u00eb zgjedhje e parakohshme.<\/p>\n<p><strong>Genc Pollo:\u00a0<\/strong><em>Rruga e vetme p\u00ebr t\u00eb rivendosur normalitetin kushtetues, politik dhe demokratik n\u00eb vend \u00a0jan\u00eb zgjedhjet e lira dhe t\u00eb ndershme dhe t\u00eb parakohshme. Opozita po b\u00ebn pjes\u00ebn e saj p\u00ebr k\u00ebt\u00eb restaurim t\u00eb demokracis\u00eb, q\u00eb \u00ebsht\u00eb nj\u00eb nga kushtet e Gjermanis\u00eb dhe s\u00eb shpejti BE kur t\u00eb hapen negociatat. \u00cbsht\u00eb pengesa e mazhoranc\u00ebs q\u00eb p\u00ebrb\u00ebn \u00a0problem p\u00ebr Shqip\u00ebrin\u00eb dhe problem p\u00ebr hapjen e negociatave. Gjithashtu pat\u00ebm mund\u00ebsi t\u00eb sqarojm\u00eb q\u00eb ligje si ai q\u00eb i jep policis\u00eb t\u00eb p\u00ebrgjoj\u00eb qytetar\u00eb vend e pa vend. Ligje t\u00eb votuara nga mazhoranca n\u00eb k\u00ebt\u00eb parlament, si ato t\u00eb mediave, ligje q\u00eb synojn\u00eb t\u00eb kapin Gjykat\u00ebn Kushtetuese jan\u00eb jo vet\u00ebm problem p\u00ebr shtetin ligjor, \u00a0p\u00ebr edhe p\u00ebr hapjen e negociatave.<\/em><\/p>\n<p>Nd\u00ebrsa Klajda Gjosha tha se mazhoranca nuk duhet te minoj\u00eb reform\u00ebn zgjedhore.<\/p>\n<p><strong>Klajda Gjosha:\u00a0<\/strong><em>Un\u00eb i k\u00ebrkova sot zonj\u00ebs Santos nj\u00eb k\u00ebrkes\u00eb t\u00eb drejt\u00eb p\u00ebr drejt\u00eb p\u00ebr mazhoranc\u00ebn, e cila nuk duhet t\u00eb sabotoj\u00eb dhe t\u00eb minoj\u00eb n\u00eb asnj\u00eb moment Reform\u00ebn Zgjedhore q\u00eb \u00ebsht\u00eb hapi i par\u00eb p\u00ebr t\u00eb plot\u00ebsuar dhe nj\u00eb nga kushtet e Bundestagut p\u00ebr t\u2019i dh\u00ebn\u00eb mund\u00ebsi Shqip\u00ebris\u00eb t\u00eb \u00e7el\u00eb negociata n\u00eb muajin mars, por mbi t\u00eb gjitha p\u00ebr t\u2019i dh\u00ebn\u00eb mund\u00ebsi shqiptar\u00ebve t\u00eb votojn\u00eb t\u00eb lir\u00eb p\u00ebr t\u00eb zgjedhur qeverin\u00eb e tyre, p\u00ebr t\u00eb zgjedhur t\u00eb ardhmen e tyre dhe p\u00ebr t\u2019i dh\u00ebn\u00eb fund kriz\u00ebs politike dhe institucionale n\u00eb vend.<br \/>\n<\/em><\/p>\n<p><em>M\u00eb vjen shum\u00eb keq q\u00eb p\u00ebr t\u00eb minuar Reform\u00ebn Zgjedhore mazhoranca p\u00ebrdor taktika t\u00eb ndryshme duke sabotuar n\u00eb t\u00eb nj\u00ebjt\u00ebn koh\u00eb Reform\u00ebn n\u00eb Drejt\u00ebsi, duke ulur k\u00ebshtu besimin tek Reforma n\u00eb Drejt\u00ebsi me manipulime nga m\u00eb t\u00eb ndryshme, t\u00eb cilat i kemi par\u00eb gjat\u00eb dit\u00ebve t\u00eb fundit dhe duke minuar n\u00eb t\u00eb gjitha m\u00ebnyrat Gjykat\u00ebn Kushtetuese q\u00eb \u00ebsht\u00eb dhe thelbi kushtetues i k\u00ebtij vendi, por \u00ebsht\u00eb dhe dera e vetme jo vet\u00ebm p\u00ebr politikan\u00ebt, por mbi t\u00eb gjitha p\u00ebr qytetar\u00ebt shqiptar. Ndaj dhe n\u00eb t\u00eb gjitha m\u00ebnyrat duhet gjendur zgjidhja p\u00ebr t\u00eb hequr dor\u00eb m\u00eb radh\u00eb t\u00eb par\u00eb nga minimi i Reform\u00ebs Zgjedhore dhe p\u00ebr mua data 15 mars \u00ebsht\u00eb shum\u00eb von\u00eb. Reforma Zgjedhore duhet t\u00eb miratohet q\u00eb nes\u00ebr dhe opozita \u00ebsht\u00eb n\u00eb at\u00eb tryez\u00eb p\u00ebr ta b\u00ebr\u00eb t\u00eb mundur k\u00ebt\u00eb.<\/em><\/p>","protected":false},"excerpt":{"rendered":"<p>P\u00ebrfaq\u00ebsues t\u00eb opozit\u00ebs jan\u00eb takuar me raporteren p\u00ebr Shqip\u00ebrin\u00eb n\u00eb Parlamentin Evropian, Isabel Santos. . Pas takimit, Genc Pollo nga PD tha se rruga e vetme p\u00ebr t\u00eb \u00a0kthyer normalitetin n\u00eb vend jan\u00eb zgjedhje e parakohshme. Genc Pollo:\u00a0Rruga e vetme p\u00ebr t\u00eb rivendosur normalitetin kushtetues, politik dhe demokratik n\u00eb vend \u00a0jan\u00eb zgjedhjet e lira dhe [&hellip;]<\/p>\n","protected":false},"author":2013,"featured_media":122466,"comment_status":"open","ping_status":"closed","sticky":false,"template":"","format":"standard","meta":{"footnotes":""},"categories":[241,235],"tags":[],"class_list":{"0":"post-122464","1":"post","2":"type-post","3":"status-publish","4":"format-standard","5":"has-post-thumbnail","7":"category-aktualitet","8":"category-vendi"},"_links":{"self":[{"href":"https:\/\/zjarr.tv\/en\/wp-json\/wp\/v2\/posts\/122464","targetHints":{"allow":["GET"]}}],"collection":[{"href":"https:\/\/zjarr.tv\/en\/wp-json\/wp\/v2\/posts"}],"about":[{"href":"https:\/\/zjarr.tv\/en\/wp-json\/wp\/v2\/types\/post"}],"author":[{"embeddable":true,"href":"https:\/\/zjarr.tv\/en\/wp-json\/wp\/v2\/users\/2013"}],"replies":[{"embeddable":true,"href":"https:\/\/zjarr.tv\/en\/wp-json\/wp\/v2\/comments?post=122464"}],"version-history":[{"count":0,"href":"https:\/\/zjarr.tv\/en\/wp-json\/wp\/v2\/posts\/122464\/revisions"}],"wp:featuredmedia":[{"embeddable":true,"href":"https:\/\/zjarr.tv\/en\/wp-json\/wp\/v2\/media\/122466"}],"wp:attachment":[{"href":"https:\/\/zjarr.tv\/en\/wp-json\/wp\/v2\/media?parent=122464"}],"wp:term":[{"taxonomy":"category","embeddable":true,"href":"https:\/\/zjarr.tv\/en\/wp-json\/wp\/v2\/categories?post=122464"},{"taxonomy":"post_tag","embeddable":true,"href":"https:\/\/zjarr.tv\/en\/wp-json\/wp\/v2\/tags?post=122464"}],"curies":[{"name":"wp","href":"https:\/\/api.w.org\/{rel}","templated":true}]}}