{"id":122487,"date":"2020-02-21T15:37:43","date_gmt":"2020-02-21T14:37:43","guid":{"rendered":"https:\/\/zjarr.tv\/?p=122487"},"modified":"2020-02-21T15:37:43","modified_gmt":"2020-02-21T14:37:43","slug":"kapen-dy-persona-ne-piken-e-kalimit-kufitar-te-qafe-botes-po-kalonin-lende-narkotike","status":"publish","type":"post","link":"https:\/\/zjarr.tv\/en\/kapen-dy-persona-ne-piken-e-kalimit-kufitar-te-qafe-botes-po-kalonin-lende-narkotike\/","title":{"rendered":"Kapen dy persona n\u00eb pik\u00ebn e kalimit kufitar t\u00eb Qaf\u00eb-Bot\u00ebs, po kalonin l\u00ebnd\u00eb narkotike"},"content":{"rendered":"<p>Policia ka kapur dy shtetas me nj\u00eb sasi l\u00ebnd\u00ebsh narkotike n\u00eb pik\u00ebn e kalimit kufitar n\u00eb Qaf\u00eb-Bot\u00eb.<\/p>\n<p>Ata po mundoheshin t\u00eb kalonin nj\u00eb sasi l\u00ebnd\u00ebsh narkotike p\u00ebrmes k\u00ebsaj pike kufitare.<\/p>\n<p>Ata jan\u00eb sjell\u00eb n\u00eb komisariatin e Sarand\u00ebs ku po mbahet momentalisht.<\/p>\n<p>Akoma nuk dihet lloji i l\u00ebnd\u00ebs narkotike dhe se sa ishte sasie q\u00eb po trafikohej.<\/p>","protected":false},"excerpt":{"rendered":"<p>Policia ka kapur dy shtetas me nj\u00eb sasi l\u00ebnd\u00ebsh narkotike n\u00eb pik\u00ebn e kalimit kufitar n\u00eb Qaf\u00eb-Bot\u00eb. Ata po mundoheshin t\u00eb kalonin nj\u00eb sasi l\u00ebnd\u00ebsh narkotike p\u00ebrmes k\u00ebsaj pike kufitare. Ata jan\u00eb sjell\u00eb n\u00eb komisariatin e Sarand\u00ebs ku po mbahet momentalisht. Akoma nuk dihet lloji i l\u00ebnd\u00ebs narkotike dhe se sa ishte sasie q\u00eb po [&hellip;]<\/p>\n","protected":false},"author":2013,"featured_media":122488,"comment_status":"open","ping_status":"closed","sticky":false,"template":"","format":"standard","meta":{"footnotes":""},"categories":[241,235],"tags":[],"class_list":{"0":"post-122487","1":"post","2":"type-post","3":"status-publish","4":"format-standard","5":"has-post-thumbnail","7":"category-aktualitet","8":"category-vendi"},"_links":{"self":[{"href":"https:\/\/zjarr.tv\/en\/wp-json\/wp\/v2\/posts\/122487","targetHints":{"allow":["GET"]}}],"collection":[{"href":"https:\/\/zjarr.tv\/en\/wp-json\/wp\/v2\/posts"}],"about":[{"href":"https:\/\/zjarr.tv\/en\/wp-json\/wp\/v2\/types\/post"}],"author":[{"embeddable":true,"href":"https:\/\/zjarr.tv\/en\/wp-json\/wp\/v2\/users\/2013"}],"replies":[{"embeddable":true,"href":"https:\/\/zjarr.tv\/en\/wp-json\/wp\/v2\/comments?post=122487"}],"version-history":[{"count":0,"href":"https:\/\/zjarr.tv\/en\/wp-json\/wp\/v2\/posts\/122487\/revisions"}],"wp:featuredmedia":[{"embeddable":true,"href":"https:\/\/zjarr.tv\/en\/wp-json\/wp\/v2\/media\/122488"}],"wp:attachment":[{"href":"https:\/\/zjarr.tv\/en\/wp-json\/wp\/v2\/media?parent=122487"}],"wp:term":[{"taxonomy":"category","embeddable":true,"href":"https:\/\/zjarr.tv\/en\/wp-json\/wp\/v2\/categories?post=122487"},{"taxonomy":"post_tag","embeddable":true,"href":"https:\/\/zjarr.tv\/en\/wp-json\/wp\/v2\/tags?post=122487"}],"curies":[{"name":"wp","href":"https:\/\/api.w.org\/{rel}","templated":true}]}}