{"id":122497,"date":"2020-02-21T17:05:51","date_gmt":"2020-02-21T16:05:51","guid":{"rendered":"https:\/\/zjarr.tv\/?p=122497"},"modified":"2020-02-21T17:05:51","modified_gmt":"2020-02-21T16:05:51","slug":"meta-takon-raporteren-e-pe-qellimi-i-maxhorances-rikthimi-i-diktatures-permes-mjeteve-ligjore","status":"publish","type":"post","link":"https:\/\/zjarr.tv\/en\/meta-takon-raporteren-e-pe-qellimi-i-maxhorances-rikthimi-i-diktatures-permes-mjeteve-ligjore\/","title":{"rendered":"Meta takon raporteren e PE: Q\u00ebllimi i maxhoranc\u00ebs, rikthimi i diktatur\u00ebs p\u00ebrmes \u201cmjeteve ligjore\u201d"},"content":{"rendered":"<p>Presidenti i Republik\u00ebs Ilir Meta p\u00ebrmes nj\u00eb statusi n\u00eb rrjetin social \u201cFacebook\u201d lajm\u00ebron se ka takuar raporteren e Parlamentit Europian, znj. Isabel Santos.<\/p>\n<p>Meta thekson se lakmia e mazhoranc\u00ebs p\u00ebr t\u00eb kapur me \u00e7do mjet antikushtetues Gjykat\u00ebn Kushtetuese c\u00ebnon integritetin e k\u00ebtij institucioni ky\u00e7 p\u00ebr llogaridh\u00ebnien qeveris\u00ebse dhe kompromenton r\u00ebnd\u00eb vullnetin e k\u00ebsaj mazhorance p\u00ebr t\u00eb \u00e7elur negociatat e an\u00ebtar\u00ebsimit me Bashkimin Europian.<\/p>\n<p>Kreu i shtetit vler\u00ebson se miratimi i ligjit antikushtetues dit\u00ebn e mb\u00ebrritjes n\u00eb Tiran\u00eb t\u00eb Komisionit t\u00eb Venecias d\u00ebshmon munges\u00ebn e thell\u00eb t\u00eb respektit ndaj k\u00ebtij institucioni nd\u00ebrkomb\u00ebtar, dhe fakton se q\u00ebllimi i vet\u00ebm i k\u00ebsaj mazhorance \u00ebsht\u00eb rikthimi i diktatur\u00ebs p\u00ebrmes \u201cmjeteve ligjore\u201d.<\/p>\n<p>Postimi i presidentit Ilir Meta:<\/p>\n<p>K\u00ebnaq\u00ebsi t\u00eb takohesha me raporteren e Parlamentit Europian, znj. Isabel Santos. Mir\u00ebnjoh\u00ebs p\u00ebr ndihm\u00ebn q\u00eb institucionet europiane dhe vendet an\u00ebtare dhan\u00eb n\u00eb ndihm\u00eb t\u00eb popullit shqiptar.<\/p>\n<p>Lakmia e mazhoranc\u00ebs p\u00ebr t\u00eb kapur me \u00e7do mjet antikushtetues Gjykat\u00ebn Kushtetuese c\u00ebnon integritetin e k\u00ebtij institucioni ky\u00e7 p\u00ebr llogaridh\u00ebnien qeveris\u00ebse dhe kompromenton r\u00ebnd\u00eb vullnetin e k\u00ebsaj mazhorance p\u00ebr t\u00eb \u00e7elur negociatat e an\u00ebtar\u00ebsimit me Bashkimin Europian.<\/p>\n<p>Miratimi i ligjit antikushtetues dit\u00ebn e mb\u00ebrritjes n\u00eb Tiran\u00eb t\u00eb Komisionit t\u00eb Venecias d\u00ebshmon munges\u00ebn e thell\u00eb t\u00eb respektit ndaj k\u00ebtij institucioni nd\u00ebrkomb\u00ebtar, dhe fakton se q\u00ebllimi i vet\u00ebm i k\u00ebsaj mazhorance \u00ebsht\u00eb rikthimi i diktatur\u00ebs p\u00ebrmes \u201cmjeteve ligjore\u201d. \ud83c\udde6\ud83c\uddf1<\/p>","protected":false},"excerpt":{"rendered":"<p>Presidenti i Republik\u00ebs Ilir Meta p\u00ebrmes nj\u00eb statusi n\u00eb rrjetin social \u201cFacebook\u201d lajm\u00ebron se ka takuar raporteren e Parlamentit Europian, znj. Isabel Santos. Meta thekson se lakmia e mazhoranc\u00ebs p\u00ebr t\u00eb kapur me \u00e7do mjet antikushtetues Gjykat\u00ebn Kushtetuese c\u00ebnon integritetin e k\u00ebtij institucioni ky\u00e7 p\u00ebr llogaridh\u00ebnien qeveris\u00ebse dhe kompromenton r\u00ebnd\u00eb vullnetin e k\u00ebsaj mazhorance p\u00ebr [&hellip;]<\/p>\n","protected":false},"author":2013,"featured_media":122498,"comment_status":"open","ping_status":"closed","sticky":false,"template":"","format":"standard","meta":{"footnotes":""},"categories":[241,235],"tags":[],"class_list":{"0":"post-122497","1":"post","2":"type-post","3":"status-publish","4":"format-standard","5":"has-post-thumbnail","7":"category-aktualitet","8":"category-vendi"},"_links":{"self":[{"href":"https:\/\/zjarr.tv\/en\/wp-json\/wp\/v2\/posts\/122497","targetHints":{"allow":["GET"]}}],"collection":[{"href":"https:\/\/zjarr.tv\/en\/wp-json\/wp\/v2\/posts"}],"about":[{"href":"https:\/\/zjarr.tv\/en\/wp-json\/wp\/v2\/types\/post"}],"author":[{"embeddable":true,"href":"https:\/\/zjarr.tv\/en\/wp-json\/wp\/v2\/users\/2013"}],"replies":[{"embeddable":true,"href":"https:\/\/zjarr.tv\/en\/wp-json\/wp\/v2\/comments?post=122497"}],"version-history":[{"count":0,"href":"https:\/\/zjarr.tv\/en\/wp-json\/wp\/v2\/posts\/122497\/revisions"}],"wp:featuredmedia":[{"embeddable":true,"href":"https:\/\/zjarr.tv\/en\/wp-json\/wp\/v2\/media\/122498"}],"wp:attachment":[{"href":"https:\/\/zjarr.tv\/en\/wp-json\/wp\/v2\/media?parent=122497"}],"wp:term":[{"taxonomy":"category","embeddable":true,"href":"https:\/\/zjarr.tv\/en\/wp-json\/wp\/v2\/categories?post=122497"},{"taxonomy":"post_tag","embeddable":true,"href":"https:\/\/zjarr.tv\/en\/wp-json\/wp\/v2\/tags?post=122497"}],"curies":[{"name":"wp","href":"https:\/\/api.w.org\/{rel}","templated":true}]}}