{"id":122509,"date":"2020-02-22T12:33:14","date_gmt":"2020-02-22T11:33:14","guid":{"rendered":"https:\/\/zjarr.tv\/?p=122509"},"modified":"2020-02-22T12:33:14","modified_gmt":"2020-02-22T11:33:14","slug":"presidenti-serish-thirrje-popullit-vetem-me-flamuj-kuq-e-zi-dhe-keto-mesazhe","status":"publish","type":"post","link":"https:\/\/zjarr.tv\/en\/presidenti-serish-thirrje-popullit-vetem-me-flamuj-kuq-e-zi-dhe-keto-mesazhe\/","title":{"rendered":"Presidenti, s\u00ebrish thirrje popullit: Vet\u00ebm me flamuj kuq e zi dhe k\u00ebto mesazhe"},"content":{"rendered":"<div class=\"readmore-text-here\">\n<p>Presidenti i Republik\u00ebs Ilir Meta i ka drejtuar nj\u00eb thirrje t\u00eb dyt\u00eb qytetar\u00ebve q\u00eb do t\u2019I bashkohen n\u00eb mitingun popullor m\u00eb 2 mars n\u00eb bulevardin \u201cD\u00ebshmor\u00ebt e Kombit\u201d. K\u00ebsaj radhe, p\u00ebr mesazhet q\u00eb do t\u00eb p\u00ebrcillen.<\/p>\n<p>\u201cT\u00eb dashur qytetar\u00eb! \u2013 shkruan Meta. &#8211; N\u00eb manifestimin historik t\u00eb 2 marsit ju ftoj t\u00eb gjith\u00ebve t&#8217;u p\u00ebrmbahemi vet\u00ebm k\u00ebtyre mesazheve:<\/p>\n<p>P\u00ebr Kushtetut\u00ebn! P\u00ebr Shqip\u00ebrin\u00eb! Jo grushtit t\u00eb shtetit! Jo shpopullimit! T\u00eb gjith\u00eb t\u00eb barabart\u00eb para ligjit!<\/p>\n<p>Dhe meq\u00ebn\u00ebse jemi kthyer 30 vjet pas, le ta degjoj\u00eb e gjith\u00eb bota mesazhin e shqiponjave: Liri &#8211; Demokraci! E duam Shqip\u00ebrin\u00eb si gjith\u00eb Europa! Ju ftoj t\u00eb vini vet\u00ebm me flamuj kuq e zi! Ju p\u00ebrsh\u00ebndes t\u00eb gjith\u00ebve me k\u00ebt\u00eb foto t\u00eb jet\u00ebs time!\u201d<\/p>\n<\/div>","protected":false},"excerpt":{"rendered":"<p>Presidenti i Republik\u00ebs Ilir Meta i ka drejtuar nj\u00eb thirrje t\u00eb dyt\u00eb qytetar\u00ebve q\u00eb do t\u2019I bashkohen n\u00eb mitingun popullor m\u00eb 2 mars n\u00eb bulevardin \u201cD\u00ebshmor\u00ebt e Kombit\u201d. K\u00ebsaj radhe, p\u00ebr mesazhet q\u00eb do t\u00eb p\u00ebrcillen. \u201cT\u00eb dashur qytetar\u00eb! \u2013 shkruan Meta. &#8211; N\u00eb manifestimin historik t\u00eb 2 marsit ju ftoj t\u00eb gjith\u00ebve t&#8217;u p\u00ebrmbahemi [&hellip;]<\/p>\n","protected":false},"author":2013,"featured_media":96498,"comment_status":"open","ping_status":"closed","sticky":false,"template":"","format":"standard","meta":{"footnotes":""},"categories":[241,235],"tags":[],"class_list":{"0":"post-122509","1":"post","2":"type-post","3":"status-publish","4":"format-standard","5":"has-post-thumbnail","7":"category-aktualitet","8":"category-vendi"},"_links":{"self":[{"href":"https:\/\/zjarr.tv\/en\/wp-json\/wp\/v2\/posts\/122509","targetHints":{"allow":["GET"]}}],"collection":[{"href":"https:\/\/zjarr.tv\/en\/wp-json\/wp\/v2\/posts"}],"about":[{"href":"https:\/\/zjarr.tv\/en\/wp-json\/wp\/v2\/types\/post"}],"author":[{"embeddable":true,"href":"https:\/\/zjarr.tv\/en\/wp-json\/wp\/v2\/users\/2013"}],"replies":[{"embeddable":true,"href":"https:\/\/zjarr.tv\/en\/wp-json\/wp\/v2\/comments?post=122509"}],"version-history":[{"count":0,"href":"https:\/\/zjarr.tv\/en\/wp-json\/wp\/v2\/posts\/122509\/revisions"}],"wp:featuredmedia":[{"embeddable":true,"href":"https:\/\/zjarr.tv\/en\/wp-json\/wp\/v2\/media\/96498"}],"wp:attachment":[{"href":"https:\/\/zjarr.tv\/en\/wp-json\/wp\/v2\/media?parent=122509"}],"wp:term":[{"taxonomy":"category","embeddable":true,"href":"https:\/\/zjarr.tv\/en\/wp-json\/wp\/v2\/categories?post=122509"},{"taxonomy":"post_tag","embeddable":true,"href":"https:\/\/zjarr.tv\/en\/wp-json\/wp\/v2\/tags?post=122509"}],"curies":[{"name":"wp","href":"https:\/\/api.w.org\/{rel}","templated":true}]}}